{"id":1130,"date":"2022-07-25T09:00:51","date_gmt":"2022-07-25T12:00:51","guid":{"rendered":"https:\/\/www.ruralpergamino.org.ar\/site\/?p=1130"},"modified":"2022-07-25T09:00:51","modified_gmt":"2022-07-25T12:00:51","slug":"83-expo-rural-pergamino-agenda-su-fiesta","status":"publish","type":"post","link":"https:\/\/www.ruralpergamino.org.ar\/site\/83-expo-rural-pergamino-agenda-su-fiesta\/","title":{"rendered":"83\u00b0 Expo Rural: Pergamino agenda su fiesta"},"content":{"rendered":"<p style=\"text-align: center;\">El cl\u00e1sico de la regi\u00f3n vuelve a celebrarse luego de dos a\u00f1os.<\/p>\n<p style=\"text-align: left;\">\nLa Sociedad Rural de Pergamino anuncia que luego de dos a\u00f1os, entre el 8 al 11 de septiembre se llevar\u00e1 a cabo la 83\u00b0 Edici\u00f3n de la Exposici\u00f3n Rural en el predio de la Instituci\u00f3n.<\/p>\n<p>El lanzamiento de la muestra se realiz\u00f3 hoy en una conferencia a cargo de su presidente, Jorge Josifovich y su vice, Jos\u00e9 Apesteguia, quienes estuvieron acompa\u00f1ados por Mariana Garc\u00eda, presidente de la C\u00e1mara de Comercio, Industria y Servicios y Javier Genoud, Secretario de Producci\u00f3n del Partido de Pergamino.<\/p>\n<p>\u201cEstamos muy felices de volver a reunir a la la comunidad y el polo econ\u00f3mico, social y comercial de la regi\u00f3n para que viva su fiesta\u201d coment\u00f3 Josifovich, \u201cEs un orgullo llegar a la 83 edici\u00f3n y aunque el contexto no es f\u00e1cil, la comunidad se merece volver a disfrutarla\u201d agreg\u00f3.<\/p>\n<p>Con todos sus condimentos cl\u00e1sicos confirmados: la muestra ganadera, la Exposici\u00f3n de Caballos Criollos, las visitas de las escuelas y el sector de gastronom\u00eda, comenzar\u00e1 el lunes la comercializaci\u00f3n de los espacios.<\/p>\n<p>Quienes est\u00e9n interesados, pueden comunicarse con la Instituci\u00f3n al 02477 423761 \/ 428970\/ 442454 o a trav\u00e9s del correo: ruralper@gmail.com<\/p>\n","protected":false},"excerpt":{"rendered":"<p>El cl\u00e1sico de la regi\u00f3n vuelve a celebrarse luego de dos a\u00f1os. La Sociedad Rural de Pergamino anuncia que luego de dos a\u00f1os, entre el 8 al 11 de septiembre se llevar\u00e1 a cabo la 83\u00b0 Edici\u00f3n de la Exposici\u00f3n Rural en el predio de la Instituci\u00f3n. El lanzamiento de la muestra se realiz\u00f3 hoy&hellip;<\/p>\n","protected":false},"author":3,"featured_media":1131,"comment_status":"closed","ping_status":"closed","sticky":false,"template":"","format":"standard","meta":{"footnotes":""},"categories":[14,16,10],"tags":[],"class_list":["post-1130","post","type-post","status-publish","format-standard","has-post-thumbnail","hentry","category-comunicados-de-prensa","category-novedades-de-la-expo","category-novedades-institucionales","category-14","category-16","category-10","description-off"],"_links":{"self":[{"href":"https:\/\/www.ruralpergamino.org.ar\/site\/wp-json\/wp\/v2\/posts\/1130","targetHints":{"allow":["GET"]}}],"collection":[{"href":"https:\/\/www.ruralpergamino.org.ar\/site\/wp-json\/wp\/v2\/posts"}],"about":[{"href":"https:\/\/www.ruralpergamino.org.ar\/site\/wp-json\/wp\/v2\/types\/post"}],"author":[{"embeddable":true,"href":"https:\/\/www.ruralpergamino.org.ar\/site\/wp-json\/wp\/v2\/users\/3"}],"replies":[{"embeddable":true,"href":"https:\/\/www.ruralpergamino.org.ar\/site\/wp-json\/wp\/v2\/comments?post=1130"}],"version-history":[{"count":1,"href":"https:\/\/www.ruralpergamino.org.ar\/site\/wp-json\/wp\/v2\/posts\/1130\/revisions"}],"predecessor-version":[{"id":1132,"href":"https:\/\/www.ruralpergamino.org.ar\/site\/wp-json\/wp\/v2\/posts\/1130\/revisions\/1132"}],"wp:featuredmedia":[{"embeddable":true,"href":"https:\/\/www.ruralpergamino.org.ar\/site\/wp-json\/wp\/v2\/media\/1131"}],"wp:attachment":[{"href":"https:\/\/www.ruralpergamino.org.ar\/site\/wp-json\/wp\/v2\/media?parent=1130"}],"wp:term":[{"taxonomy":"category","embeddable":true,"href":"https:\/\/www.ruralpergamino.org.ar\/site\/wp-json\/wp\/v2\/categories?post=1130"},{"taxonomy":"post_tag","embeddable":true,"href":"https:\/\/www.ruralpergamino.org.ar\/site\/wp-json\/wp\/v2\/tags?post=1130"}],"curies":[{"name":"wp","href":"https:\/\/api.w.org\/{rel}","templated":true}]}}