{"id":1250,"date":"2022-09-06T20:15:47","date_gmt":"2022-09-06T23:15:47","guid":{"rendered":"https:\/\/www.ruralpergamino.org.ar\/site\/?p=1250"},"modified":"2022-09-06T20:15:47","modified_gmt":"2022-09-06T23:15:47","slug":"el-inta-estara-en-la-expo","status":"publish","type":"post","link":"https:\/\/www.ruralpergamino.org.ar\/site\/el-inta-estara-en-la-expo\/","title":{"rendered":"El INTA estar\u00e1 en la Expo"},"content":{"rendered":"<p>La EEA participar\u00e1 nuevamente de la 83\u00b0 Exposici\u00f3n con un stand institucional que girar\u00e1 sobre <strong>\u201c la<\/strong> <strong>sustentabilidad del suelo y el circuito productivo<\/strong>\u201d.<\/p>\n<p>Representado a trav\u00e9s de una calicata mostrando los perfiles de la tierra, un muestrario de colecci\u00f3n de cajas de insectos, variedad de semillas, y un espacio dedicado a la producci\u00f3n de plantines de huerta.<\/p>\n<p>Esperan recibir como siempre a los grupos escolares que se acercan\u00a0 para recorrer y conocer las propuestas institucionales educativas. Habr\u00e1 t\u00e9cnicos capacitados para brindar una charla explicativa, tanto a ellos como al p\u00fablico en general, garantizando respuestas a inquietudes.<\/p>\n<p>&nbsp;<\/p>\n","protected":false},"excerpt":{"rendered":"<p>La EEA participar\u00e1 nuevamente de la 83\u00b0 Exposici\u00f3n con un stand institucional que girar\u00e1 sobre \u201c la sustentabilidad del suelo y el circuito productivo\u201d. Representado a trav\u00e9s de una calicata mostrando los perfiles de la tierra, un muestrario de colecci\u00f3n de cajas de insectos, variedad de semillas, y un espacio dedicado a la producci\u00f3n de&hellip;<\/p>\n","protected":false},"author":3,"featured_media":1251,"comment_status":"closed","ping_status":"closed","sticky":false,"template":"","format":"standard","meta":{"footnotes":""},"categories":[12,16],"tags":[],"class_list":["post-1250","post","type-post","status-publish","format-standard","has-post-thumbnail","hentry","category-generales","category-novedades-de-la-expo","category-12","category-16","description-off"],"_links":{"self":[{"href":"https:\/\/www.ruralpergamino.org.ar\/site\/wp-json\/wp\/v2\/posts\/1250","targetHints":{"allow":["GET"]}}],"collection":[{"href":"https:\/\/www.ruralpergamino.org.ar\/site\/wp-json\/wp\/v2\/posts"}],"about":[{"href":"https:\/\/www.ruralpergamino.org.ar\/site\/wp-json\/wp\/v2\/types\/post"}],"author":[{"embeddable":true,"href":"https:\/\/www.ruralpergamino.org.ar\/site\/wp-json\/wp\/v2\/users\/3"}],"replies":[{"embeddable":true,"href":"https:\/\/www.ruralpergamino.org.ar\/site\/wp-json\/wp\/v2\/comments?post=1250"}],"version-history":[{"count":1,"href":"https:\/\/www.ruralpergamino.org.ar\/site\/wp-json\/wp\/v2\/posts\/1250\/revisions"}],"predecessor-version":[{"id":1252,"href":"https:\/\/www.ruralpergamino.org.ar\/site\/wp-json\/wp\/v2\/posts\/1250\/revisions\/1252"}],"wp:featuredmedia":[{"embeddable":true,"href":"https:\/\/www.ruralpergamino.org.ar\/site\/wp-json\/wp\/v2\/media\/1251"}],"wp:attachment":[{"href":"https:\/\/www.ruralpergamino.org.ar\/site\/wp-json\/wp\/v2\/media?parent=1250"}],"wp:term":[{"taxonomy":"category","embeddable":true,"href":"https:\/\/www.ruralpergamino.org.ar\/site\/wp-json\/wp\/v2\/categories?post=1250"},{"taxonomy":"post_tag","embeddable":true,"href":"https:\/\/www.ruralpergamino.org.ar\/site\/wp-json\/wp\/v2\/tags?post=1250"}],"curies":[{"name":"wp","href":"https:\/\/api.w.org\/{rel}","templated":true}]}}