{"id":1367,"date":"2023-01-16T15:51:43","date_gmt":"2023-01-16T18:51:43","guid":{"rendered":"https:\/\/www.ruralpergamino.org.ar\/site\/?p=1367"},"modified":"2023-01-16T16:01:05","modified_gmt":"2023-01-16T19:01:05","slug":"partido-de-pergamino-estimacion-de-perdida-por-la-sequia-2022-2023","status":"publish","type":"post","link":"https:\/\/www.ruralpergamino.org.ar\/site\/partido-de-pergamino-estimacion-de-perdida-por-la-sequia-2022-2023\/","title":{"rendered":"Informe Estimaci\u00f3n de P\u00e9rdida por la Sequ\u00eda 2022\/2023 en el Partido de Pergamino"},"content":{"rendered":"<p>A continuaci\u00f3n les compartimos un documento realizado por la entidad, en el que podr\u00e1n conocer la estimaci\u00f3n de p\u00e9rdida que se calcula que generar\u00e1\u00a0 la sequ\u00eda en nuestro Partido de Pergamino para el 2022\/2023.<\/p>\n<p>Si bien es aproximada es el m\u00e1ximo esperable si se presentaran lluvias a fin del corriente mes de\u00a0 enero de 2023, si las condiciones de demanda ambiental y seca continuaran, la p\u00e9rdida podr\u00eda ser mayor.<\/p>\n<p><em><strong>\u00abSon aproximadamente 190 millones de d\u00f3lares que faltar\u00e1n en la zona en el a\u00f1o 2023. Lo que equivale a 3,58 presupuestos anuales de la Municipalidad de Pergamino\u00bb.<\/strong><\/em><\/p>\n<p>Para ver cu\u00e1l es la estimaci\u00f3n de p\u00e9rdida, lo invitamos a ingresar <a href=\"https:\/\/www.ruralpergamino.org.ar\/site\/wp-content\/uploads\/2023\/01\/Pe\u0301rdidas-por-seca.-2022-2023-1.pdf\">aqu\u00ed<\/a>. Para acceder al documento completo, puede hacer clic en el siguiente <a href=\"https:\/\/www.ruralpergamino.org.ar\/site\/wp-content\/uploads\/2023\/01\/Pe\u0301rdidas-por-seca-ampliado-I-2022-2023.pdf\">link<\/a>.<\/p>\n","protected":false},"excerpt":{"rendered":"<p>A continuaci\u00f3n les compartimos un documento realizado por la entidad, en el que podr\u00e1n conocer la estimaci\u00f3n de p\u00e9rdida que se calcula que generar\u00e1\u00a0 la sequ\u00eda en nuestro Partido de Pergamino para el 2022\/2023. Si bien es aproximada es el m\u00e1ximo esperable si se presentaran lluvias a fin del corriente mes de\u00a0 enero de 2023,&hellip;<\/p>\n","protected":false},"author":3,"featured_media":636,"comment_status":"closed","ping_status":"closed","sticky":false,"template":"","format":"standard","meta":{"footnotes":""},"categories":[11,14,9],"tags":[],"class_list":["post-1367","post","type-post","status-publish","format-standard","has-post-thumbnail","hentry","category-agropecuarias","category-comunicados-de-prensa","category-noticias-destacadas","category-11","category-14","category-9","description-off"],"_links":{"self":[{"href":"https:\/\/www.ruralpergamino.org.ar\/site\/wp-json\/wp\/v2\/posts\/1367","targetHints":{"allow":["GET"]}}],"collection":[{"href":"https:\/\/www.ruralpergamino.org.ar\/site\/wp-json\/wp\/v2\/posts"}],"about":[{"href":"https:\/\/www.ruralpergamino.org.ar\/site\/wp-json\/wp\/v2\/types\/post"}],"author":[{"embeddable":true,"href":"https:\/\/www.ruralpergamino.org.ar\/site\/wp-json\/wp\/v2\/users\/3"}],"replies":[{"embeddable":true,"href":"https:\/\/www.ruralpergamino.org.ar\/site\/wp-json\/wp\/v2\/comments?post=1367"}],"version-history":[{"count":4,"href":"https:\/\/www.ruralpergamino.org.ar\/site\/wp-json\/wp\/v2\/posts\/1367\/revisions"}],"predecessor-version":[{"id":1373,"href":"https:\/\/www.ruralpergamino.org.ar\/site\/wp-json\/wp\/v2\/posts\/1367\/revisions\/1373"}],"wp:featuredmedia":[{"embeddable":true,"href":"https:\/\/www.ruralpergamino.org.ar\/site\/wp-json\/wp\/v2\/media\/636"}],"wp:attachment":[{"href":"https:\/\/www.ruralpergamino.org.ar\/site\/wp-json\/wp\/v2\/media?parent=1367"}],"wp:term":[{"taxonomy":"category","embeddable":true,"href":"https:\/\/www.ruralpergamino.org.ar\/site\/wp-json\/wp\/v2\/categories?post=1367"},{"taxonomy":"post_tag","embeddable":true,"href":"https:\/\/www.ruralpergamino.org.ar\/site\/wp-json\/wp\/v2\/tags?post=1367"}],"curies":[{"name":"wp","href":"https:\/\/api.w.org\/{rel}","templated":true}]}}