{"id":1430,"date":"2023-04-05T14:29:58","date_gmt":"2023-04-05T17:29:58","guid":{"rendered":"https:\/\/www.ruralpergamino.org.ar\/site\/?p=1430"},"modified":"2023-05-23T16:47:41","modified_gmt":"2023-05-23T19:47:41","slug":"por-una-justicia-sin-sesgos-politicos","status":"publish","type":"post","link":"https:\/\/www.ruralpergamino.org.ar\/site\/por-una-justicia-sin-sesgos-politicos\/","title":{"rendered":"Por una justicia sin sesgos pol\u00edticos"},"content":{"rendered":"<p>Pergamino, 5 de abril de 2023.- La Sociedad Rural de Pergamino quiere expresar su compromiso con las Instituciones de la Rep\u00fablica y con la Justicia en particular. Como as\u00ed tambi\u00e9n, con la necesidad de reconciliaci\u00f3n social que es imperioso que encontremos para empezar a salir de la situaci\u00f3n terminal que estamos atravesando.<\/p>\n<p>En este sentido y ante los hechos sucedidos esta semana, considera que debe darse una justa dimensi\u00f3n a la r\u00e9plica de un tweet desafortunado de un productor, que solo expresa su frustraci\u00f3n y decepci\u00f3n, y claramente no es una amenaza real para persona alguna.<\/p>\n<p>Asimismo, aboga por un r\u00e1pido esclarecimiento del hecho y la exculpaci\u00f3n de uno de sus dirigentes, el se\u00f1or Rom\u00e1n Guti\u00e9rrez.<\/p>\n<p>Por \u00faltimo, hace un pedido hacia la profundizaci\u00f3n y avance de los hechos de corrupci\u00f3n que han carcomido a nuestro pa\u00eds y que son la base para la reconciliaci\u00f3n necesaria para comenzar a desandar el camino de\u00a0la\u00a0decadencia.<\/p>\n<p>Muchas gracias.<\/p>\n","protected":false},"excerpt":{"rendered":"<p>Pergamino, 5 de abril de 2023.- La Sociedad Rural de Pergamino quiere expresar su compromiso con las Instituciones de la Rep\u00fablica y con la Justicia en particular. Como as\u00ed tambi\u00e9n, con la necesidad de reconciliaci\u00f3n social que es imperioso que encontremos para empezar a salir de la situaci\u00f3n terminal que estamos atravesando. En este sentido&hellip;<\/p>\n","protected":false},"author":3,"featured_media":1449,"comment_status":"closed","ping_status":"closed","sticky":false,"template":"","format":"standard","meta":{"footnotes":""},"categories":[11,14,9],"tags":[],"class_list":["post-1430","post","type-post","status-publish","format-standard","has-post-thumbnail","hentry","category-agropecuarias","category-comunicados-de-prensa","category-noticias-destacadas","category-11","category-14","category-9","description-off"],"_links":{"self":[{"href":"https:\/\/www.ruralpergamino.org.ar\/site\/wp-json\/wp\/v2\/posts\/1430","targetHints":{"allow":["GET"]}}],"collection":[{"href":"https:\/\/www.ruralpergamino.org.ar\/site\/wp-json\/wp\/v2\/posts"}],"about":[{"href":"https:\/\/www.ruralpergamino.org.ar\/site\/wp-json\/wp\/v2\/types\/post"}],"author":[{"embeddable":true,"href":"https:\/\/www.ruralpergamino.org.ar\/site\/wp-json\/wp\/v2\/users\/3"}],"replies":[{"embeddable":true,"href":"https:\/\/www.ruralpergamino.org.ar\/site\/wp-json\/wp\/v2\/comments?post=1430"}],"version-history":[{"count":1,"href":"https:\/\/www.ruralpergamino.org.ar\/site\/wp-json\/wp\/v2\/posts\/1430\/revisions"}],"predecessor-version":[{"id":1431,"href":"https:\/\/www.ruralpergamino.org.ar\/site\/wp-json\/wp\/v2\/posts\/1430\/revisions\/1431"}],"wp:featuredmedia":[{"embeddable":true,"href":"https:\/\/www.ruralpergamino.org.ar\/site\/wp-json\/wp\/v2\/media\/1449"}],"wp:attachment":[{"href":"https:\/\/www.ruralpergamino.org.ar\/site\/wp-json\/wp\/v2\/media?parent=1430"}],"wp:term":[{"taxonomy":"category","embeddable":true,"href":"https:\/\/www.ruralpergamino.org.ar\/site\/wp-json\/wp\/v2\/categories?post=1430"},{"taxonomy":"post_tag","embeddable":true,"href":"https:\/\/www.ruralpergamino.org.ar\/site\/wp-json\/wp\/v2\/tags?post=1430"}],"curies":[{"name":"wp","href":"https:\/\/api.w.org\/{rel}","templated":true}]}}