{"id":1438,"date":"2023-04-19T09:28:15","date_gmt":"2023-04-19T12:28:15","guid":{"rendered":"https:\/\/www.ruralpergamino.org.ar\/site\/?p=1438"},"modified":"2023-04-19T10:15:29","modified_gmt":"2023-04-19T13:15:29","slug":"en-el-encuentro-de-carbap-en-chacabuco-ya-se-hablo-de-rebelion-fiscal","status":"publish","type":"post","link":"https:\/\/www.ruralpergamino.org.ar\/site\/en-el-encuentro-de-carbap-en-chacabuco-ya-se-hablo-de-rebelion-fiscal\/","title":{"rendered":"En el Encuentro de CARBAP en Chacabuco ya se habl\u00f3 de Rebeli\u00f3n Fiscal"},"content":{"rendered":"<p>La Confederaci\u00f3n de Asociaciones Rurales de Buenos Aires y La Pampa se reuni\u00f3 el 18 de abril por la ma\u00f1ana en la Sociedad Rural de Chacabuco, en el tercer Encuentro de Dirigentes Rurales de las distintas zonas que integran la confederaci\u00f3n en donde se reunieron unos 50 dirigentes de 36 rurales de las zonas 1, 2 y 3 correspondientes al oeste, centro y norte bonaerense.<\/p>\n<p>En la reuni\u00f3n se analiz\u00f3 y debati\u00f3 sobre la situaci\u00f3n de la regi\u00f3n norte bonaerense en el tercer a\u00f1o de sequ\u00eda y la incapacidad de pago que los productores tienen para afrontar las obligaciones impositivas del Gobierno. Existe una marcada asfixia financiera, enorme desesperanza y mucha bronca e indignaci\u00f3n que se reflej\u00f3 en muchos de los oradores, quienes en varias oportunidades reclamaron por una \u201crebeli\u00f3n fiscal\u201d.<\/p>\n<p>Se volvi\u00f3 a ratificar la inconveniencia de mantener el di\u00e1logo con el gobierno nacional mientras no haya respuestas concretas a los reclamos solicitados por la Mesa de Enlace, y se le solicit\u00f3 a las rurales mantenerse en alerta sobre la situaci\u00f3n de desmejoramiento de la situaci\u00f3n econ\u00f3mica de los productores y del pa\u00eds en su conjunto, por las posibles acciones que habr\u00eda que desarrollar si esto sucediera.<\/p>\n<p>Variadas propuestas surgieron del Encuentro, todas con el sentido de hacer o\u00edr la desatendida situaci\u00f3n que viven los productores afectados por las pol\u00edticas del gobierno, y agravados por la sequ\u00eda. Entre ellas est\u00e1 la de no comprar y vender bienes por un periodo de tiempo determinado.<\/p>\n<p>Existe una profunda preocupaci\u00f3n por la falta de conocimiento sobre el funcionamiento de la producci\u00f3n por parte de funcionarios y la pol\u00edtica en su conjunto. Por eso una de las propuestas gir\u00f3 en torno a explicarle a los pol\u00edticos las necesidades del campo. El campo necesita imperiosamente reglas claras y medidas de fondo que den previsibilidad y promuevan el inter\u00e9s en planificar e invertir productivamente.<\/p>\n<p>La situaci\u00f3n actual del pa\u00eds, la inflaci\u00f3n descontrolada, la brecha cambiaria, el desmejoramiento en la calidad de vida de los argentinos y la presi\u00f3n tributaria, entre otros temas estuvieron en la agenda de la reuni\u00f3n.<\/p>\n<p>CARBAP en su pr\u00f3xima Reuni\u00f3n de Consejo Directivo del jueves 27 de abril definir\u00e1 las acciones gremiales a seguir de acuerdo a lo propuesto en los tres Encuentros de Dirigentes.<\/p>\n<p>Fuente: CARBAP<\/p>\n","protected":false},"excerpt":{"rendered":"<p>La Confederaci\u00f3n de Asociaciones Rurales de Buenos Aires y La Pampa se reuni\u00f3 el 18 de abril por la ma\u00f1ana en la Sociedad Rural de Chacabuco, en el tercer Encuentro de Dirigentes Rurales de las distintas zonas que integran la confederaci\u00f3n en donde se reunieron unos 50 dirigentes de 36 rurales de las zonas 1,&hellip;<\/p>\n","protected":false},"author":3,"featured_media":1439,"comment_status":"closed","ping_status":"closed","sticky":false,"template":"","format":"standard","meta":{"footnotes":""},"categories":[11,9,10],"tags":[],"class_list":["post-1438","post","type-post","status-publish","format-standard","has-post-thumbnail","hentry","category-agropecuarias","category-noticias-destacadas","category-novedades-institucionales","category-11","category-9","category-10","description-off"],"_links":{"self":[{"href":"https:\/\/www.ruralpergamino.org.ar\/site\/wp-json\/wp\/v2\/posts\/1438","targetHints":{"allow":["GET"]}}],"collection":[{"href":"https:\/\/www.ruralpergamino.org.ar\/site\/wp-json\/wp\/v2\/posts"}],"about":[{"href":"https:\/\/www.ruralpergamino.org.ar\/site\/wp-json\/wp\/v2\/types\/post"}],"author":[{"embeddable":true,"href":"https:\/\/www.ruralpergamino.org.ar\/site\/wp-json\/wp\/v2\/users\/3"}],"replies":[{"embeddable":true,"href":"https:\/\/www.ruralpergamino.org.ar\/site\/wp-json\/wp\/v2\/comments?post=1438"}],"version-history":[{"count":3,"href":"https:\/\/www.ruralpergamino.org.ar\/site\/wp-json\/wp\/v2\/posts\/1438\/revisions"}],"predecessor-version":[{"id":1442,"href":"https:\/\/www.ruralpergamino.org.ar\/site\/wp-json\/wp\/v2\/posts\/1438\/revisions\/1442"}],"wp:featuredmedia":[{"embeddable":true,"href":"https:\/\/www.ruralpergamino.org.ar\/site\/wp-json\/wp\/v2\/media\/1439"}],"wp:attachment":[{"href":"https:\/\/www.ruralpergamino.org.ar\/site\/wp-json\/wp\/v2\/media?parent=1438"}],"wp:term":[{"taxonomy":"category","embeddable":true,"href":"https:\/\/www.ruralpergamino.org.ar\/site\/wp-json\/wp\/v2\/categories?post=1438"},{"taxonomy":"post_tag","embeddable":true,"href":"https:\/\/www.ruralpergamino.org.ar\/site\/wp-json\/wp\/v2\/tags?post=1438"}],"curies":[{"name":"wp","href":"https:\/\/api.w.org\/{rel}","templated":true}]}}