{"id":1508,"date":"2023-06-21T14:57:37","date_gmt":"2023-06-21T17:57:37","guid":{"rendered":"https:\/\/www.ruralpergamino.org.ar\/site\/?p=1508"},"modified":"2023-06-21T15:46:15","modified_gmt":"2023-06-21T18:46:15","slug":"cra-los-productores-no-tienen-ni-quieren-el-poder-de-policia-que-deben-ejercer-los-organismos-oficiales","status":"publish","type":"post","link":"https:\/\/www.ruralpergamino.org.ar\/site\/cra-los-productores-no-tienen-ni-quieren-el-poder-de-policia-que-deben-ejercer-los-organismos-oficiales\/","title":{"rendered":"CRA: Los productores no tienen ni quieren el poder de polic\u00eda que deben ejercer los organismos oficiales"},"content":{"rendered":"<p>El pasado d\u00eda mi\u00e9rcoles la Comisi\u00f3n de Carnes y el Consejo Superior Directivo de CRA decidi\u00f3 rechazar la Resoluci\u00f3n de SENASA que obliga a los productores que realizan autogesti\u00f3n a poner el dominio del cami\u00f3n que va a cargar la hacienda en el DT-E, con la condici\u00f3n de que dicho cami\u00f3n tenga las habilitaciones al d\u00eda.<\/p>\n<p>Como primera medida los productores no deben ser el control de la habilitaci\u00f3n del cami\u00f3n, dicho tr\u00e1mite debe estar a cargo de la secretaria de transporte u organismo oficial que ella designe, los productores no tienen ni quieren el poder de polic\u00eda que si deben ejercer los organismos oficiales.<\/p>\n<p>Por \u00faltimo, todas las Confederadas que integran CRA manifestaron su rechazo por diversos motivos, pero lo que es com\u00fan a todas; es el aumento del tiempo y costos para generar una carga de hacienda; por tal motivo solicitamos al SENASA que no siga adelante con esta Resoluci\u00f3n que fue instrumentada en forma inconsulta y no mediante la integraci\u00f3n p\u00fablico &#8211; privada de la cual tanto se habla, y tan poco se hace.<\/p>\n","protected":false},"excerpt":{"rendered":"<p>El pasado d\u00eda mi\u00e9rcoles la Comisi\u00f3n de Carnes y el Consejo Superior Directivo de CRA decidi\u00f3 rechazar la Resoluci\u00f3n de SENASA que obliga a los productores que realizan autogesti\u00f3n a poner el dominio del cami\u00f3n que va a cargar la hacienda en el DT-E, con la condici\u00f3n de que dicho cami\u00f3n tenga las habilitaciones al&hellip;<\/p>\n","protected":false},"author":3,"featured_media":1511,"comment_status":"closed","ping_status":"closed","sticky":false,"template":"","format":"standard","meta":{"footnotes":""},"categories":[9,10],"tags":[],"class_list":["post-1508","post","type-post","status-publish","format-standard","has-post-thumbnail","hentry","category-noticias-destacadas","category-novedades-institucionales","category-9","category-10","description-off"],"_links":{"self":[{"href":"https:\/\/www.ruralpergamino.org.ar\/site\/wp-json\/wp\/v2\/posts\/1508","targetHints":{"allow":["GET"]}}],"collection":[{"href":"https:\/\/www.ruralpergamino.org.ar\/site\/wp-json\/wp\/v2\/posts"}],"about":[{"href":"https:\/\/www.ruralpergamino.org.ar\/site\/wp-json\/wp\/v2\/types\/post"}],"author":[{"embeddable":true,"href":"https:\/\/www.ruralpergamino.org.ar\/site\/wp-json\/wp\/v2\/users\/3"}],"replies":[{"embeddable":true,"href":"https:\/\/www.ruralpergamino.org.ar\/site\/wp-json\/wp\/v2\/comments?post=1508"}],"version-history":[{"count":1,"href":"https:\/\/www.ruralpergamino.org.ar\/site\/wp-json\/wp\/v2\/posts\/1508\/revisions"}],"predecessor-version":[{"id":1509,"href":"https:\/\/www.ruralpergamino.org.ar\/site\/wp-json\/wp\/v2\/posts\/1508\/revisions\/1509"}],"wp:featuredmedia":[{"embeddable":true,"href":"https:\/\/www.ruralpergamino.org.ar\/site\/wp-json\/wp\/v2\/media\/1511"}],"wp:attachment":[{"href":"https:\/\/www.ruralpergamino.org.ar\/site\/wp-json\/wp\/v2\/media?parent=1508"}],"wp:term":[{"taxonomy":"category","embeddable":true,"href":"https:\/\/www.ruralpergamino.org.ar\/site\/wp-json\/wp\/v2\/categories?post=1508"},{"taxonomy":"post_tag","embeddable":true,"href":"https:\/\/www.ruralpergamino.org.ar\/site\/wp-json\/wp\/v2\/tags?post=1508"}],"curies":[{"name":"wp","href":"https:\/\/api.w.org\/{rel}","templated":true}]}}