{"id":1585,"date":"2023-09-07T11:20:53","date_gmt":"2023-09-07T14:20:53","guid":{"rendered":"https:\/\/www.ruralpergamino.org.ar\/site\/?p=1585"},"modified":"2023-09-07T11:25:55","modified_gmt":"2023-09-07T14:25:55","slug":"84-expo-rural-pergamino-comienza-a-celebrar-su-fiesta","status":"publish","type":"post","link":"https:\/\/www.ruralpergamino.org.ar\/site\/84-expo-rural-pergamino-comienza-a-celebrar-su-fiesta\/","title":{"rendered":"84\u00b0 Expo Rural: Pergamino comienza a celebrar su fiesta\u00a0"},"content":{"rendered":"<p style=\"text-align: center;\"><em>El cl\u00e1sico de la regi\u00f3n abre sus puertas a partir de hoy y hasta el domingo.<\/em><\/p>\n<p>Pergamino, 07 de septiembre de 2023.- La <strong>Sociedad Rural de Pergamino<\/strong> celebra a partir de hoy, la <strong>84\u00b0 Edici\u00f3n<\/strong> de su <strong>Exposici\u00f3n<\/strong>, en el predio de la Instituci\u00f3n.<\/p>\n<p>A capacidad completa, contar\u00e1 con much\u00edsimos entretenimientos: la muestra ganadera, la XVIII Exposici\u00f3n de Caballos Criollos, la realizaci\u00f3n por primera vez de la Exposici\u00f3n Nacional de Hampshire Down, el cl\u00e1sico espacio de la C\u00e1mara de Comercio, Industria y Servicios, la carpa de ACARA con todos los concesionarios locales y las \u00faltimas novedades de la industria de maquinarias.<\/p>\n<p>A nivel negocios, a las 16 horas, habr\u00e1 dos interesantes charlas de actualidad de la mano de Claudio Jacquelin, Columnista pol\u00edtico del diario La Naci\u00f3n, Canal La Naci\u00f3n + y conductor en FM Milenium: y el Dr. Gustavo Marangoni, Polit\u00f3logo, docente, director de M&amp;R Asociados y expresidente del Banco Provincia de Buenos Aires.<\/p>\n<p>Recordemos que la exposici\u00f3n funcionar\u00e1 de 10 a 19 horas, hoy jueves, la entrada es gratuita y de viernes a domingo tendr\u00e1 un valor de $ 1.000 pesos. Jubilados presentando carnet y menores de 10 a\u00f1os, no pagan. Entre hoy y ma\u00f1ana tambi\u00e9n habr\u00e1 visitas guiadas coordinadas para escuelas.<\/p>\n<p>Por su parte, el sector de gastronom\u00eda permanecer\u00e1 abierto por las noches. Para ma\u00f1ana viernes, se organiz\u00f3 un after con m\u00fasica en vivo a partir de las 19, que contar\u00e1 con la participaci\u00f3n de DJ\u00b4s y los grupos: Los Moros (folklore), Orquesta Compay (salsa). El domingo, a partir de las 15 horas, en el Escenario Principal habr\u00e1 m\u00fasica y espect\u00e1culos, de la mano de la Academia de danzas El Resero, el D\u00fao Cantares, el humor de An\u00edbal Holmer, Feli Boni, Grupo Sendero, Marcos Emanuel y Suena mi Cumbia.<\/p>\n<p>Declarada de Inter\u00e9s Municipal, la organizaci\u00f3n de la Exposici\u00f3n, cuenta con el apoyo de la C\u00e1mara de Comercio, Industria y Servicios y el Partido de Pergamino.<\/p>\n<p>\u201cEstamos muy felices de volver a reunir a la la comunidad y el polo econ\u00f3mico, social y comercial del Partido, queremos que todo Pergamino viva su fiesta\u201d coment\u00f3 Pedro Jacquel\u00edn, Presidente de la Instituci\u00f3n. \u201cLos esperamos para disfrutarla\u201d agreg\u00f3.<\/p>\n<p>Para conocer el cronograma de actividades completo y acceder a m\u00e1s informaci\u00f3n, pueden \u00a0ingresar a la p\u00e1gina de la Muestra: <a href=\"https:\/\/www.ruralpergamino.org.ar\/site\/84-expo-rural\/\">www.ruralpergamino.org.ar\/84-expo-rural\/<\/a><\/p>\n","protected":false},"excerpt":{"rendered":"<p>El cl\u00e1sico de la regi\u00f3n abre sus puertas a partir de hoy y hasta el domingo. Pergamino, 07 de septiembre de 2023.- La Sociedad Rural de Pergamino celebra a partir de hoy, la 84\u00b0 Edici\u00f3n de su Exposici\u00f3n, en el predio de la Instituci\u00f3n. A capacidad completa, contar\u00e1 con much\u00edsimos entretenimientos: la muestra ganadera, la&hellip;<\/p>\n","protected":false},"author":3,"featured_media":1011,"comment_status":"closed","ping_status":"closed","sticky":false,"template":"","format":"standard","meta":{"footnotes":""},"categories":[14,9,16],"tags":[],"class_list":["post-1585","post","type-post","status-publish","format-standard","has-post-thumbnail","hentry","category-comunicados-de-prensa","category-noticias-destacadas","category-novedades-de-la-expo","category-14","category-9","category-16","description-off"],"_links":{"self":[{"href":"https:\/\/www.ruralpergamino.org.ar\/site\/wp-json\/wp\/v2\/posts\/1585","targetHints":{"allow":["GET"]}}],"collection":[{"href":"https:\/\/www.ruralpergamino.org.ar\/site\/wp-json\/wp\/v2\/posts"}],"about":[{"href":"https:\/\/www.ruralpergamino.org.ar\/site\/wp-json\/wp\/v2\/types\/post"}],"author":[{"embeddable":true,"href":"https:\/\/www.ruralpergamino.org.ar\/site\/wp-json\/wp\/v2\/users\/3"}],"replies":[{"embeddable":true,"href":"https:\/\/www.ruralpergamino.org.ar\/site\/wp-json\/wp\/v2\/comments?post=1585"}],"version-history":[{"count":1,"href":"https:\/\/www.ruralpergamino.org.ar\/site\/wp-json\/wp\/v2\/posts\/1585\/revisions"}],"predecessor-version":[{"id":1586,"href":"https:\/\/www.ruralpergamino.org.ar\/site\/wp-json\/wp\/v2\/posts\/1585\/revisions\/1586"}],"wp:featuredmedia":[{"embeddable":true,"href":"https:\/\/www.ruralpergamino.org.ar\/site\/wp-json\/wp\/v2\/media\/1011"}],"wp:attachment":[{"href":"https:\/\/www.ruralpergamino.org.ar\/site\/wp-json\/wp\/v2\/media?parent=1585"}],"wp:term":[{"taxonomy":"category","embeddable":true,"href":"https:\/\/www.ruralpergamino.org.ar\/site\/wp-json\/wp\/v2\/categories?post=1585"},{"taxonomy":"post_tag","embeddable":true,"href":"https:\/\/www.ruralpergamino.org.ar\/site\/wp-json\/wp\/v2\/tags?post=1585"}],"curies":[{"name":"wp","href":"https:\/\/api.w.org\/{rel}","templated":true}]}}