{"id":1636,"date":"2023-11-02T19:05:30","date_gmt":"2023-11-02T22:05:30","guid":{"rendered":"https:\/\/www.ruralpergamino.org.ar\/site\/?p=1636"},"modified":"2023-11-02T19:08:28","modified_gmt":"2023-11-02T22:08:28","slug":"carbap-rechazamos-las-modificaciones-previstas-en-la-separata-del-presupuesto-2024","status":"publish","type":"post","link":"https:\/\/www.ruralpergamino.org.ar\/site\/carbap-rechazamos-las-modificaciones-previstas-en-la-separata-del-presupuesto-2024\/","title":{"rendered":"CARBAP: Rechazamos las modificaciones previstas en la separata del presupuesto 2024"},"content":{"rendered":"<div class=\"xdj266r x11i5rnm xat24cr x1mh8g0r x1vvkbs x126k92a\">\n<div dir=\"auto\">Les compartimos un comunicado de CARBAP al que adherimos:<\/div>\n<div dir=\"auto\"><\/div>\n<\/div>\n<div dir=\"auto\">\n<p style=\"text-align: center;\"><strong>CARBAP Rechaza Las Modificaciones Previstas En La Separata Del Presupuesto 2024<\/strong><\/p>\n<p>La Confederaci\u00f3n de Asociaciones Rurales de Buenos Aires y La Pampa rechaza de plano las modificaciones previstas en la separata enviada junto al Presupuesto 2024, en donde se prev\u00e9 incrementar los impuestos al campo.<\/p>\n<p>La sugerencia de revisi\u00f3n por parte del Ministerio de Econom\u00eda a la quita de exenciones impositivas a bienes productivos como lo son los inmuebles rurales, es un camino err\u00f3neo, al tener agotada el productor agropecuario la capacidad contributiva.<\/p>\n<p>Las necesidades fiscales surgidas del irresponsable despilfarro de dinero de los \u00faltimos d\u00edas en pos de lograr acompa\u00f1amiento electoral por parte del Ministro candidato no pueden ser cargado al sector agropecuario. El campo no pagara la fiesta.<\/p>\n<p>Desde CARBAP les hemos comunicado en el d\u00eda de hoy a los legisladores, diputados y senadores nacionales, la dif\u00edcil situaci\u00f3n que atraviesan los productores tras la fuerte sequ\u00eda y la imposibilidad de dichos incrementos impositivos ya que no hay lugar para una exacci\u00f3n adicional al campo argentino.<\/p>\n<\/div>\n","protected":false},"excerpt":{"rendered":"<p>Les compartimos un comunicado de CARBAP al que adherimos: CARBAP Rechaza Las Modificaciones Previstas En La Separata Del Presupuesto 2024 La Confederaci\u00f3n de Asociaciones Rurales de Buenos Aires y La Pampa rechaza de plano las modificaciones previstas en la separata enviada junto al Presupuesto 2024, en donde se prev\u00e9 incrementar los impuestos al campo. La&hellip;<\/p>\n","protected":false},"author":3,"featured_media":1640,"comment_status":"closed","ping_status":"closed","sticky":false,"template":"","format":"standard","meta":{"footnotes":""},"categories":[11,14,9,10],"tags":[],"class_list":["post-1636","post","type-post","status-publish","format-standard","has-post-thumbnail","hentry","category-agropecuarias","category-comunicados-de-prensa","category-noticias-destacadas","category-novedades-institucionales","category-11","category-14","category-9","category-10","description-off"],"_links":{"self":[{"href":"https:\/\/www.ruralpergamino.org.ar\/site\/wp-json\/wp\/v2\/posts\/1636","targetHints":{"allow":["GET"]}}],"collection":[{"href":"https:\/\/www.ruralpergamino.org.ar\/site\/wp-json\/wp\/v2\/posts"}],"about":[{"href":"https:\/\/www.ruralpergamino.org.ar\/site\/wp-json\/wp\/v2\/types\/post"}],"author":[{"embeddable":true,"href":"https:\/\/www.ruralpergamino.org.ar\/site\/wp-json\/wp\/v2\/users\/3"}],"replies":[{"embeddable":true,"href":"https:\/\/www.ruralpergamino.org.ar\/site\/wp-json\/wp\/v2\/comments?post=1636"}],"version-history":[{"count":1,"href":"https:\/\/www.ruralpergamino.org.ar\/site\/wp-json\/wp\/v2\/posts\/1636\/revisions"}],"predecessor-version":[{"id":1638,"href":"https:\/\/www.ruralpergamino.org.ar\/site\/wp-json\/wp\/v2\/posts\/1636\/revisions\/1638"}],"wp:featuredmedia":[{"embeddable":true,"href":"https:\/\/www.ruralpergamino.org.ar\/site\/wp-json\/wp\/v2\/media\/1640"}],"wp:attachment":[{"href":"https:\/\/www.ruralpergamino.org.ar\/site\/wp-json\/wp\/v2\/media?parent=1636"}],"wp:term":[{"taxonomy":"category","embeddable":true,"href":"https:\/\/www.ruralpergamino.org.ar\/site\/wp-json\/wp\/v2\/categories?post=1636"},{"taxonomy":"post_tag","embeddable":true,"href":"https:\/\/www.ruralpergamino.org.ar\/site\/wp-json\/wp\/v2\/tags?post=1636"}],"curies":[{"name":"wp","href":"https:\/\/api.w.org\/{rel}","templated":true}]}}