{"id":1644,"date":"2023-11-17T10:41:14","date_gmt":"2023-11-17T13:41:14","guid":{"rendered":"https:\/\/www.ruralpergamino.org.ar\/site\/?p=1644"},"modified":"2023-11-17T10:49:14","modified_gmt":"2023-11-17T13:49:14","slug":"solicitud-de-renuncia","status":"publish","type":"post","link":"https:\/\/www.ruralpergamino.org.ar\/site\/solicitud-de-renuncia\/","title":{"rendered":"Solicitud de Renuncia"},"content":{"rendered":"<p>A continuaci\u00f3n, les compartimos un comunicado de prensa del d\u00eda 16 de noviembre, emitido por nuestra Entidad junto a las Sociedades Rurales de San Pedro, Rojas, Baradero, Col\u00f3n (provincia de Buenos Aires), la Asociaci\u00f3n Regional de Productores de Areco y la Asociaciones de Productores Agropecuarios de Arrecifes, Capit\u00e1n Sarmiento y Salto.<\/p>\n<p>A d\u00edas de tener que elegir quien guirar\u00e1 los destinos del pa\u00eds, muchos funcionarios demuestran ya a cara descubierta cu\u00e1les han sido las verdaderas razones por las que ocupan determinados lugares.<\/p>\n<p>Tal es el caso del Sr. Mariano Germendia, quien lejos de ocupar con discreci\u00f3n su lugar en el INTA, ha desnudado las verdaderas razones que lo mantienen en su puesto.<\/p>\n<p>Hacer pol\u00edtica partidaria en un organismo t\u00e9cnico.<\/p>\n<p>Una aberrante e intolerante desviaci\u00f3n del sentido de representatividad.<\/p>\n<p>Males que m\u00e1s all\u00e1 de la decisi\u00f3n ciudadana, a este tipo de conductas las debemos corregir hoy sin m\u00e1s dilaci\u00f3n.<\/p>\n<p>Es por estas razones que solicitamos la inmediata renuncia del se\u00f1or Mariano Germendia.<\/p>\n","protected":false},"excerpt":{"rendered":"<p>A continuaci\u00f3n, les compartimos un comunicado de prensa del d\u00eda 16 de noviembre, emitido por nuestra Entidad junto a las Sociedades Rurales de San Pedro, Rojas, Baradero, Col\u00f3n (provincia de Buenos Aires), la Asociaci\u00f3n Regional de Productores de Areco y la Asociaciones de Productores Agropecuarios de Arrecifes, Capit\u00e1n Sarmiento y Salto. A d\u00edas de tener&hellip;<\/p>\n","protected":false},"author":3,"featured_media":1434,"comment_status":"closed","ping_status":"closed","sticky":false,"template":"","format":"standard","meta":{"footnotes":""},"categories":[11,14,9],"tags":[],"class_list":["post-1644","post","type-post","status-publish","format-standard","has-post-thumbnail","hentry","category-agropecuarias","category-comunicados-de-prensa","category-noticias-destacadas","category-11","category-14","category-9","description-off"],"_links":{"self":[{"href":"https:\/\/www.ruralpergamino.org.ar\/site\/wp-json\/wp\/v2\/posts\/1644","targetHints":{"allow":["GET"]}}],"collection":[{"href":"https:\/\/www.ruralpergamino.org.ar\/site\/wp-json\/wp\/v2\/posts"}],"about":[{"href":"https:\/\/www.ruralpergamino.org.ar\/site\/wp-json\/wp\/v2\/types\/post"}],"author":[{"embeddable":true,"href":"https:\/\/www.ruralpergamino.org.ar\/site\/wp-json\/wp\/v2\/users\/3"}],"replies":[{"embeddable":true,"href":"https:\/\/www.ruralpergamino.org.ar\/site\/wp-json\/wp\/v2\/comments?post=1644"}],"version-history":[{"count":2,"href":"https:\/\/www.ruralpergamino.org.ar\/site\/wp-json\/wp\/v2\/posts\/1644\/revisions"}],"predecessor-version":[{"id":1646,"href":"https:\/\/www.ruralpergamino.org.ar\/site\/wp-json\/wp\/v2\/posts\/1644\/revisions\/1646"}],"wp:featuredmedia":[{"embeddable":true,"href":"https:\/\/www.ruralpergamino.org.ar\/site\/wp-json\/wp\/v2\/media\/1434"}],"wp:attachment":[{"href":"https:\/\/www.ruralpergamino.org.ar\/site\/wp-json\/wp\/v2\/media?parent=1644"}],"wp:term":[{"taxonomy":"category","embeddable":true,"href":"https:\/\/www.ruralpergamino.org.ar\/site\/wp-json\/wp\/v2\/categories?post=1644"},{"taxonomy":"post_tag","embeddable":true,"href":"https:\/\/www.ruralpergamino.org.ar\/site\/wp-json\/wp\/v2\/tags?post=1644"}],"curies":[{"name":"wp","href":"https:\/\/api.w.org\/{rel}","templated":true}]}}