{"id":1662,"date":"2024-01-25T16:21:17","date_gmt":"2024-01-25T19:21:17","guid":{"rendered":"https:\/\/www.ruralpergamino.org.ar\/site\/?p=1662"},"modified":"2024-01-25T16:21:17","modified_gmt":"2024-01-25T19:21:17","slug":"carbap-insta-a-no-adherir-al-upov-91","status":"publish","type":"post","link":"https:\/\/www.ruralpergamino.org.ar\/site\/carbap-insta-a-no-adherir-al-upov-91\/","title":{"rendered":"CARBAP Insta A NO ADHERIR Al UPOV 91"},"content":{"rendered":"<p>A continuaci\u00f3n, les compartimos un comunicado de la Confederaci\u00f3n de Asociaciones Rurales de Buenos Aires y La Pampa:<\/p>\n<p>Buenos Aires, 25 de enero de 2024.- La Confederaci\u00f3n de Asociaciones Rurales de Buenos Aires y La Pampa en el marco de su Comisi\u00f3n de Granos y Medios Ambiente debati\u00f3 en el d\u00eda de ayer la posici\u00f3n del Gobierno de adherir al acta UPOV 91 y decidieron RECOMENDAR LA NO ADHESION AL UPOV 91 y excluir dicho art\u00edculo de la Ley de Bases que est\u00e1 en tratamiento en el Congreso de la Naci\u00f3n.<\/p>\n<p>Motiva esta decisi\u00f3n la falsa argumentaci\u00f3n de que dicha adhesi\u00f3n conllevara a un acceso a la mejor tecnolog\u00eda gen\u00e9tica disponible para todos los productores, la cual igual puede lograrse con una Ley de Semillas consensuada sin necesidad de adherir al UPOV 91, tal como lo ha realizado en los \u00faltimos a\u00f1os Brasil.<\/p>\n<p>Adem\u00e1s, la adhesi\u00f3n al Acta de UPOV 1991 incluye la necesidad de solicitar autorizaci\u00f3n a los obtentores (algo que puede ser denegado) para el uso propio de semillas por parte de los agricultores, algo que no est\u00e1 incluido en el acta UPOV 78, adem\u00e1s de otorgarle una mayor extensi\u00f3n de derechos a los obtentores hasta el producto de la cosecha (lo cosechado), lo cual implicar\u00eda una avance sobre la apropiaci\u00f3n de la renta del productor y una ampliaci\u00f3n en la duraci\u00f3n del derecho de propiedad.<\/p>\n<p>Tal como est\u00e1 planteado, UPOV 91 beneficia principalmente a desarrolladores comerciales de variedades uniformes, y limita los derechos de los agricultores para guardar y utilizar semillas y material de propagaci\u00f3n.<\/p>\n<p>Desde CARBAP entendemos que entre todos los actores de la actividad agr\u00edcola debemos consensuar una actualizaci\u00f3n de la Ley de Semillas, sin imposiciones ni atajos, manteniendo el respeto y el equilibrio por los derechos de cada eslab\u00f3n de la cadena.<\/p>\n","protected":false},"excerpt":{"rendered":"<p>A continuaci\u00f3n, les compartimos un comunicado de la Confederaci\u00f3n de Asociaciones Rurales de Buenos Aires y La Pampa: Buenos Aires, 25 de enero de 2024.- La Confederaci\u00f3n de Asociaciones Rurales de Buenos Aires y La Pampa en el marco de su Comisi\u00f3n de Granos y Medios Ambiente debati\u00f3 en el d\u00eda de ayer la posici\u00f3n&hellip;<\/p>\n","protected":false},"author":3,"featured_media":1640,"comment_status":"closed","ping_status":"closed","sticky":false,"template":"","format":"standard","meta":{"footnotes":""},"categories":[14,9],"tags":[],"class_list":["post-1662","post","type-post","status-publish","format-standard","has-post-thumbnail","hentry","category-comunicados-de-prensa","category-noticias-destacadas","category-14","category-9","description-off"],"_links":{"self":[{"href":"https:\/\/www.ruralpergamino.org.ar\/site\/wp-json\/wp\/v2\/posts\/1662","targetHints":{"allow":["GET"]}}],"collection":[{"href":"https:\/\/www.ruralpergamino.org.ar\/site\/wp-json\/wp\/v2\/posts"}],"about":[{"href":"https:\/\/www.ruralpergamino.org.ar\/site\/wp-json\/wp\/v2\/types\/post"}],"author":[{"embeddable":true,"href":"https:\/\/www.ruralpergamino.org.ar\/site\/wp-json\/wp\/v2\/users\/3"}],"replies":[{"embeddable":true,"href":"https:\/\/www.ruralpergamino.org.ar\/site\/wp-json\/wp\/v2\/comments?post=1662"}],"version-history":[{"count":1,"href":"https:\/\/www.ruralpergamino.org.ar\/site\/wp-json\/wp\/v2\/posts\/1662\/revisions"}],"predecessor-version":[{"id":1663,"href":"https:\/\/www.ruralpergamino.org.ar\/site\/wp-json\/wp\/v2\/posts\/1662\/revisions\/1663"}],"wp:featuredmedia":[{"embeddable":true,"href":"https:\/\/www.ruralpergamino.org.ar\/site\/wp-json\/wp\/v2\/media\/1640"}],"wp:attachment":[{"href":"https:\/\/www.ruralpergamino.org.ar\/site\/wp-json\/wp\/v2\/media?parent=1662"}],"wp:term":[{"taxonomy":"category","embeddable":true,"href":"https:\/\/www.ruralpergamino.org.ar\/site\/wp-json\/wp\/v2\/categories?post=1662"},{"taxonomy":"post_tag","embeddable":true,"href":"https:\/\/www.ruralpergamino.org.ar\/site\/wp-json\/wp\/v2\/tags?post=1662"}],"curies":[{"name":"wp","href":"https:\/\/api.w.org\/{rel}","templated":true}]}}