{"id":1702,"date":"2024-04-25T09:14:47","date_gmt":"2024-04-25T12:14:47","guid":{"rendered":"https:\/\/www.ruralpergamino.org.ar\/site\/?p=1702"},"modified":"2024-04-25T09:17:02","modified_gmt":"2024-04-25T12:17:02","slug":"la-mesa-de-enlace-bonaerense-se-reunio-con-legisladores-de-distintas-fuerzas-politicas-por-el-inmobiliario-rural","status":"publish","type":"post","link":"https:\/\/www.ruralpergamino.org.ar\/site\/la-mesa-de-enlace-bonaerense-se-reunio-con-legisladores-de-distintas-fuerzas-politicas-por-el-inmobiliario-rural\/","title":{"rendered":"La Mesa de Enlace Bonaerense se reuni\u00f3 con legisladores de distintas fuerzas pol\u00edticas por el Inmobiliario Rural"},"content":{"rendered":"<p>La Mesa de Enlace Bonaerense, integrada por la Sociedad Rural Argentina, Federaci\u00f3n Agraria Argentina, CARBAP y CONINAGRO, se reuni\u00f3 durante el d\u00eda de ayer, mi\u00e9rcoles 24 de abril, con legisladores de diferentes fuerzas legislativas con el fin de solicitarles que intercedan ante los aumentos y las inconsistencias aparecidas en el Impuesto Inmobiliario Rural surgidas de la Ley Fiscal 2024.<\/p>\n<p>Estuvieron presentes: Juan Manuel Bautista, Adela Nores, Mat\u00edas Lounge, Marcos Math\u00e9 y Josefina Manzano, en representaci\u00f3n de la SRA; por FAA, Andrea Sarnari (secretaria gremial) y los directores An\u00edbal Chiramberro, Claudio Angeleri, Dardo Alonso y N\u00e9stor Perera. Por CONINAGRO, el consejero George Breitschmitt y por CARBAP su presidente Horacio Salaverri, el vicepresidente Roberto Cittadini, el secretario Ignacio Kovarsky, y los dirigentes Gustavo Frederking, Carlos Bilbao, Guillermo Urruty, Guillermo Tramontini y presidentes y delegados en el Consejo Directivo de la entidad. Ellos asistieron a los diferentes encuentros que se desarrollaron a lo largo del d\u00eda en la legislatura provincial. All\u00ed se reunieron con miembros de La Libertad Avanza, Uni\u00f3n por la Patria, la UCR, el PRO, el GEN, Cambio Federal, BA Libre y Uni\u00f3n, Renovaci\u00f3n y Fe.<br \/>\nLa propuesta que se present\u00f3 pide espec\u00edficamente revertir la Ley Fiscal, centr\u00e1ndose en la derogaci\u00f3n de los art\u00edculos 137 y 139, que contemplan las actualizaciones de las cuotas y la potestad de aplicar adicionales al impuesto inmobiliario rural. De la misma manera poner por ley el descuento por buen contribuyente.<\/p>\n<p>La Mesa de Enlace promueve estas reuniones para dialogar con miembros del poder legislativo sobre las facultades que estos atribuyen al Ejecutivo provincial.<br \/>\nCabe aclarar que a principios de esta semana se reunieron con el gobernador, Axel Kicillof, para plantear el mismo pedido. Al t\u00e9rmino de la jornada de hoy, los dirigentes agropecuarios destacaron que los legisladores se comprometieron a revisar los planteos recibidos e impulsar las modificaciones solicitadas por las entidades.<\/p>\n","protected":false},"excerpt":{"rendered":"<p>La Mesa de Enlace Bonaerense, integrada por la Sociedad Rural Argentina, Federaci\u00f3n Agraria Argentina, CARBAP y CONINAGRO, se reuni\u00f3 durante el d\u00eda de ayer, mi\u00e9rcoles 24 de abril, con legisladores de diferentes fuerzas legislativas con el fin de solicitarles que intercedan ante los aumentos y las inconsistencias aparecidas en el Impuesto Inmobiliario Rural surgidas de&hellip;<\/p>\n","protected":false},"author":3,"featured_media":1703,"comment_status":"closed","ping_status":"closed","sticky":false,"template":"","format":"standard","meta":{"footnotes":""},"categories":[14,9],"tags":[],"class_list":["post-1702","post","type-post","status-publish","format-standard","has-post-thumbnail","hentry","category-comunicados-de-prensa","category-noticias-destacadas","category-14","category-9","description-off"],"_links":{"self":[{"href":"https:\/\/www.ruralpergamino.org.ar\/site\/wp-json\/wp\/v2\/posts\/1702","targetHints":{"allow":["GET"]}}],"collection":[{"href":"https:\/\/www.ruralpergamino.org.ar\/site\/wp-json\/wp\/v2\/posts"}],"about":[{"href":"https:\/\/www.ruralpergamino.org.ar\/site\/wp-json\/wp\/v2\/types\/post"}],"author":[{"embeddable":true,"href":"https:\/\/www.ruralpergamino.org.ar\/site\/wp-json\/wp\/v2\/users\/3"}],"replies":[{"embeddable":true,"href":"https:\/\/www.ruralpergamino.org.ar\/site\/wp-json\/wp\/v2\/comments?post=1702"}],"version-history":[{"count":3,"href":"https:\/\/www.ruralpergamino.org.ar\/site\/wp-json\/wp\/v2\/posts\/1702\/revisions"}],"predecessor-version":[{"id":1706,"href":"https:\/\/www.ruralpergamino.org.ar\/site\/wp-json\/wp\/v2\/posts\/1702\/revisions\/1706"}],"wp:featuredmedia":[{"embeddable":true,"href":"https:\/\/www.ruralpergamino.org.ar\/site\/wp-json\/wp\/v2\/media\/1703"}],"wp:attachment":[{"href":"https:\/\/www.ruralpergamino.org.ar\/site\/wp-json\/wp\/v2\/media?parent=1702"}],"wp:term":[{"taxonomy":"category","embeddable":true,"href":"https:\/\/www.ruralpergamino.org.ar\/site\/wp-json\/wp\/v2\/categories?post=1702"},{"taxonomy":"post_tag","embeddable":true,"href":"https:\/\/www.ruralpergamino.org.ar\/site\/wp-json\/wp\/v2\/tags?post=1702"}],"curies":[{"name":"wp","href":"https:\/\/api.w.org\/{rel}","templated":true}]}}