{"id":1714,"date":"2024-07-08T08:35:53","date_gmt":"2024-07-08T11:35:53","guid":{"rendered":"https:\/\/www.ruralpergamino.org.ar\/site\/?p=1714"},"modified":"2024-07-12T09:18:06","modified_gmt":"2024-07-12T12:18:06","slug":"proyecto-de-ley-de-maltrato-animal","status":"publish","type":"post","link":"https:\/\/www.ruralpergamino.org.ar\/site\/proyecto-de-ley-de-maltrato-animal\/","title":{"rendered":"Proyecto de Ley de Maltrato Animal"},"content":{"rendered":"<p>A continuaci\u00f3n, les compartimos un comunicado de nuestra Entidad junto con la Asociaci\u00f3n Productores Rurales de Arrecifes (A.P.R.A.), de San Antonio de Areco, la Asociaci\u00f3n de Productores Agropecuarios de Capit\u00e1n Sarmiento, de Salto (APAS)y las Sociedades Rurales de Baradero, de Col\u00f3n, de Lincoln, de San Pedro y Rojas.<\/p>\n<p style=\"text-align: center;\"><strong>Proyecto de Ley de Maltrato Animal<\/strong><\/p>\n<p style=\"text-align: left;\">El campo ha sido siempre un espejo donde convive la armon\u00eda del hombre y el mundo animal.<\/p>\n<p style=\"text-align: left;\">Aun as\u00ed, vemos con preocupaci\u00f3n una avanzada miope en reglamentar rid\u00edculamente nuestra convivencia.<br \/>\nDetr\u00e1s de buenas intenciones se suman aquellos que pretenden sancionar las tradiciones camperas que son parte de nuestra identidad y nos pone en alerta ya que pretenden destruir nuestra producci\u00f3n pecuaria.<br \/>\nEn el discurso de sentimentalismo animal, se esconden ideolog\u00edas persecutorias de la vida rural, una rid\u00edcula demagogia que impone condiciones para su tratamiento medicamentoso cuando no hay gasa en los hospitales de nuestro pa\u00eds.<br \/>\nEn fin, nunca termina el esp\u00edritu populista barato.<\/p>\n<p>Bs. As. 6\/07\/2024<\/p>\n","protected":false},"excerpt":{"rendered":"<p>A continuaci\u00f3n, les compartimos un comunicado de nuestra Entidad junto con la Asociaci\u00f3n Productores Rurales de Arrecifes (A.P.R.A.), de San Antonio de Areco, la Asociaci\u00f3n de Productores Agropecuarios de Capit\u00e1n Sarmiento, de Salto (APAS)y las Sociedades Rurales de Baradero, de Col\u00f3n, de Lincoln, de San Pedro y Rojas. Proyecto de Ley de Maltrato Animal El&hellip;<\/p>\n","protected":false},"author":3,"featured_media":1687,"comment_status":"closed","ping_status":"closed","sticky":false,"template":"","format":"standard","meta":{"footnotes":""},"categories":[11,14,9],"tags":[],"class_list":["post-1714","post","type-post","status-publish","format-standard","has-post-thumbnail","hentry","category-agropecuarias","category-comunicados-de-prensa","category-noticias-destacadas","category-11","category-14","category-9","description-off"],"_links":{"self":[{"href":"https:\/\/www.ruralpergamino.org.ar\/site\/wp-json\/wp\/v2\/posts\/1714","targetHints":{"allow":["GET"]}}],"collection":[{"href":"https:\/\/www.ruralpergamino.org.ar\/site\/wp-json\/wp\/v2\/posts"}],"about":[{"href":"https:\/\/www.ruralpergamino.org.ar\/site\/wp-json\/wp\/v2\/types\/post"}],"author":[{"embeddable":true,"href":"https:\/\/www.ruralpergamino.org.ar\/site\/wp-json\/wp\/v2\/users\/3"}],"replies":[{"embeddable":true,"href":"https:\/\/www.ruralpergamino.org.ar\/site\/wp-json\/wp\/v2\/comments?post=1714"}],"version-history":[{"count":3,"href":"https:\/\/www.ruralpergamino.org.ar\/site\/wp-json\/wp\/v2\/posts\/1714\/revisions"}],"predecessor-version":[{"id":1717,"href":"https:\/\/www.ruralpergamino.org.ar\/site\/wp-json\/wp\/v2\/posts\/1714\/revisions\/1717"}],"wp:featuredmedia":[{"embeddable":true,"href":"https:\/\/www.ruralpergamino.org.ar\/site\/wp-json\/wp\/v2\/media\/1687"}],"wp:attachment":[{"href":"https:\/\/www.ruralpergamino.org.ar\/site\/wp-json\/wp\/v2\/media?parent=1714"}],"wp:term":[{"taxonomy":"category","embeddable":true,"href":"https:\/\/www.ruralpergamino.org.ar\/site\/wp-json\/wp\/v2\/categories?post=1714"},{"taxonomy":"post_tag","embeddable":true,"href":"https:\/\/www.ruralpergamino.org.ar\/site\/wp-json\/wp\/v2\/tags?post=1714"}],"curies":[{"name":"wp","href":"https:\/\/api.w.org\/{rel}","templated":true}]}}