{"id":1739,"date":"2024-07-12T09:05:35","date_gmt":"2024-07-12T12:05:35","guid":{"rendered":"https:\/\/www.ruralpergamino.org.ar\/site\/?p=1739"},"modified":"2024-07-12T09:14:22","modified_gmt":"2024-07-12T12:14:22","slug":"vientos-de-cambio","status":"publish","type":"post","link":"https:\/\/www.ruralpergamino.org.ar\/site\/vientos-de-cambio\/","title":{"rendered":"Vientos de Cambio"},"content":{"rendered":"<div class=\"wpb-content-wrapper\"><p>[vc_row][vc_column][vc_empty_space height=\u00bb16px\u00bb][vc_column_text]A continuaci\u00f3n, les compartimos un comunicado de nuestra entidad junto a la Sociedad Rural de Baradero, Col\u00f3n, Lincoln, Rojas, San Pedro, la Asociaci\u00f3n de Productores Agropecuarios de Capit\u00e1n Sarmiento y la Asociaci\u00f3n Regional de Productores Rurales de San Antonio de Areco.<\/p>\n<p style=\"text-align: center;\"><strong>Vientos de Cambio<\/strong><\/p>\n<p>La anterior denominaci\u00f3n de Secretar\u00eda de Bioeconom\u00eda, fue verdaderamente arrancar con el pie izquierdo. La reciente designaci\u00f3n del Dr. Sergio Iraeta, nos permite vislumbrar una mirada m\u00e1s realista sobre el sector y un mejor entendimiento acerca de lo verdaderamente importante para el mismo.<\/p>\n<p>En primer lugar, queremos expresar, que el nuestro, no es un sector primario, por el contrario, lo creemos un sector \u00abprimordial\u00bb.<br \/>\nEs imprescindible reconstruir la actividad econ\u00f3mica del hombre de campo saqueado en una transferencia de recursos despiadada que lo expuso a una sustituci\u00f3n penosa a manos de receptores de toda \u00edndole de sus leg\u00edtimos recursos. Raz\u00f3n por la cual, y en forma perentoria abogamos por la quita de todo mecanismo de retenciones (DEX) y diferencial cambiario.<br \/>\nNo solo debemos dejar de adherir a la Agenda 2030 sino tambi\u00e9n a los postulados VISEC, que dejar\u00e1 de rehenes de nuevos tecn\u00f3cratas a los productores argentinos.<br \/>\nDesburocratizar los organismos estatales, Ej.: SENASA, INTA, etc.<br \/>\nReducir la mara\u00f1a de legislaciones y normas que atan las manos a la productividad.<br \/>\nA\u00fan as\u00ed, no adherir es insuficiente, pol\u00edtica e ideol\u00f3gicamente debemos liderar junto a los productores europeos la invalidaci\u00f3n de sus postulados.<br \/>\nLas rurales abajo firmantes saludamos su designaci\u00f3n y nos ponemos a disposici\u00f3n para ayudar a reinstaurar al campo argentino en el lugar que se merece.<\/p>\n<p>Bs. As. 11\/07\/2024[\/vc_column_text][\/vc_column][\/vc_row]<\/p>\n<\/div>","protected":false},"excerpt":{"rendered":"<p>[vc_row][vc_column][vc_empty_space height=\u00bb16px\u00bb][vc_column_text]A continuaci\u00f3n, les compartimos un comunicado de nuestra entidad junto a la Sociedad Rural de Baradero, Col\u00f3n, Lincoln, Rojas, San Pedro, la Asociaci\u00f3n de Productores Agropecuarios de Capit\u00e1n Sarmiento y la Asociaci\u00f3n Regional de Productores Rurales de San Antonio de Areco. Vientos de Cambio La anterior denominaci\u00f3n de Secretar\u00eda de Bioeconom\u00eda, fue verdaderamente arrancar&hellip;<\/p>\n","protected":false},"author":3,"featured_media":1687,"comment_status":"closed","ping_status":"closed","sticky":false,"template":"","format":"standard","meta":{"footnotes":""},"categories":[11,14,9],"tags":[],"class_list":["post-1739","post","type-post","status-publish","format-standard","has-post-thumbnail","hentry","category-agropecuarias","category-comunicados-de-prensa","category-noticias-destacadas","category-11","category-14","category-9","description-off"],"_links":{"self":[{"href":"https:\/\/www.ruralpergamino.org.ar\/site\/wp-json\/wp\/v2\/posts\/1739","targetHints":{"allow":["GET"]}}],"collection":[{"href":"https:\/\/www.ruralpergamino.org.ar\/site\/wp-json\/wp\/v2\/posts"}],"about":[{"href":"https:\/\/www.ruralpergamino.org.ar\/site\/wp-json\/wp\/v2\/types\/post"}],"author":[{"embeddable":true,"href":"https:\/\/www.ruralpergamino.org.ar\/site\/wp-json\/wp\/v2\/users\/3"}],"replies":[{"embeddable":true,"href":"https:\/\/www.ruralpergamino.org.ar\/site\/wp-json\/wp\/v2\/comments?post=1739"}],"version-history":[{"count":2,"href":"https:\/\/www.ruralpergamino.org.ar\/site\/wp-json\/wp\/v2\/posts\/1739\/revisions"}],"predecessor-version":[{"id":1741,"href":"https:\/\/www.ruralpergamino.org.ar\/site\/wp-json\/wp\/v2\/posts\/1739\/revisions\/1741"}],"wp:featuredmedia":[{"embeddable":true,"href":"https:\/\/www.ruralpergamino.org.ar\/site\/wp-json\/wp\/v2\/media\/1687"}],"wp:attachment":[{"href":"https:\/\/www.ruralpergamino.org.ar\/site\/wp-json\/wp\/v2\/media?parent=1739"}],"wp:term":[{"taxonomy":"category","embeddable":true,"href":"https:\/\/www.ruralpergamino.org.ar\/site\/wp-json\/wp\/v2\/categories?post=1739"},{"taxonomy":"post_tag","embeddable":true,"href":"https:\/\/www.ruralpergamino.org.ar\/site\/wp-json\/wp\/v2\/tags?post=1739"}],"curies":[{"name":"wp","href":"https:\/\/api.w.org\/{rel}","templated":true}]}}