{"id":1752,"date":"2024-07-23T09:55:16","date_gmt":"2024-07-23T12:55:16","guid":{"rendered":"https:\/\/www.ruralpergamino.org.ar\/site\/?p=1752"},"modified":"2024-07-23T11:20:00","modified_gmt":"2024-07-23T14:20:00","slug":"naranja","status":"publish","type":"post","link":"https:\/\/www.ruralpergamino.org.ar\/site\/naranja\/","title":{"rendered":"Repudio y Solicitud de Disculpas"},"content":{"rendered":"<p>A continuaci\u00f3n, les compartimos un comunicado de prensa de nuestra Entidad junto con la Asociaci\u00f3n de Productores Agropecuarios de Capit\u00e1n Sarmiento y de Salto, la Asociaci\u00f3n Regional de Productores Rurales de San Antonio de Areco, la Asociaci\u00f3n de Productores Rurales de Arrecifes y la Sociedad Rural de Baradero, Lincoln, Col\u00f3n, San Pedro y Rojas.<\/p>\n<p style=\"text-align: center;\"><strong>Repudio y Solicitud de Disculpas<\/strong><\/p>\n<p>Las rurales firmantes, nos solidarizamos con el presidente de la Sociedad Rural de San Pedro ante la agresi\u00f3n sufrida por parte de funcionarios municipales en compa\u00f1\u00eda del Intendente y autoridades provinciales durante la Fiesta de la Naranja de Ombligo realizada el fin de semana pr\u00f3ximo pasado.<\/p>\n<p>Est\u00e1 intolerable actitud debe ser sancionada de manera ejemplar y corresponde sea disculpado p\u00fablicamente el Se\u00f1or presidente de la Sociedad Rural.<\/p>\n<p>El derecho de los hombres libres no reconoce tutor\u00edas autoritarias ni matones de ocasi\u00f3n.<\/p>\n<p>&nbsp;<\/p>\n","protected":false},"excerpt":{"rendered":"<p>A continuaci\u00f3n, les compartimos un comunicado de prensa de nuestra Entidad junto con la Asociaci\u00f3n de Productores Agropecuarios de Capit\u00e1n Sarmiento y de Salto, la Asociaci\u00f3n Regional de Productores Rurales de San Antonio de Areco, la Asociaci\u00f3n de Productores Rurales de Arrecifes y la Sociedad Rural de Baradero, Lincoln, Col\u00f3n, San Pedro y Rojas. Repudio&hellip;<\/p>\n","protected":false},"author":3,"featured_media":1687,"comment_status":"closed","ping_status":"closed","sticky":false,"template":"","format":"standard","meta":{"footnotes":""},"categories":[14,9],"tags":[],"class_list":["post-1752","post","type-post","status-publish","format-standard","has-post-thumbnail","hentry","category-comunicados-de-prensa","category-noticias-destacadas","category-14","category-9","description-off"],"_links":{"self":[{"href":"https:\/\/www.ruralpergamino.org.ar\/site\/wp-json\/wp\/v2\/posts\/1752","targetHints":{"allow":["GET"]}}],"collection":[{"href":"https:\/\/www.ruralpergamino.org.ar\/site\/wp-json\/wp\/v2\/posts"}],"about":[{"href":"https:\/\/www.ruralpergamino.org.ar\/site\/wp-json\/wp\/v2\/types\/post"}],"author":[{"embeddable":true,"href":"https:\/\/www.ruralpergamino.org.ar\/site\/wp-json\/wp\/v2\/users\/3"}],"replies":[{"embeddable":true,"href":"https:\/\/www.ruralpergamino.org.ar\/site\/wp-json\/wp\/v2\/comments?post=1752"}],"version-history":[{"count":3,"href":"https:\/\/www.ruralpergamino.org.ar\/site\/wp-json\/wp\/v2\/posts\/1752\/revisions"}],"predecessor-version":[{"id":1755,"href":"https:\/\/www.ruralpergamino.org.ar\/site\/wp-json\/wp\/v2\/posts\/1752\/revisions\/1755"}],"wp:featuredmedia":[{"embeddable":true,"href":"https:\/\/www.ruralpergamino.org.ar\/site\/wp-json\/wp\/v2\/media\/1687"}],"wp:attachment":[{"href":"https:\/\/www.ruralpergamino.org.ar\/site\/wp-json\/wp\/v2\/media?parent=1752"}],"wp:term":[{"taxonomy":"category","embeddable":true,"href":"https:\/\/www.ruralpergamino.org.ar\/site\/wp-json\/wp\/v2\/categories?post=1752"},{"taxonomy":"post_tag","embeddable":true,"href":"https:\/\/www.ruralpergamino.org.ar\/site\/wp-json\/wp\/v2\/tags?post=1752"}],"curies":[{"name":"wp","href":"https:\/\/api.w.org\/{rel}","templated":true}]}}