{"id":1758,"date":"2024-07-31T16:39:32","date_gmt":"2024-07-31T19:39:32","guid":{"rendered":"https:\/\/www.ruralpergamino.org.ar\/site\/?p=1758"},"modified":"2024-07-31T17:40:06","modified_gmt":"2024-07-31T20:40:06","slug":"85-expo-rural-pergamino-comienza-a-organizar-su-fiesta","status":"publish","type":"post","link":"https:\/\/www.ruralpergamino.org.ar\/site\/85-expo-rural-pergamino-comienza-a-organizar-su-fiesta\/","title":{"rendered":"85\u00b0 Expo Rural: Pergamino comienza a organizar su fiesta"},"content":{"rendered":"<div class=\"wpb-content-wrapper\"><p>[vc_row][vc_column][vc_column_text]<\/p>\n<p style=\"text-align: center;\">El cl\u00e1sico de la regi\u00f3n volver\u00e1 a tener lugar en septiembre.<\/p>\n<p>Pergamino, 31 de julio de 2024.- La Sociedad Rural de Pergamino lanz\u00f3 oficialmente, en el d\u00eda de hoy, la 85\u00b0 Edici\u00f3n de su Exposici\u00f3n, en una conferencia de prensa, que cont\u00f3 con la participaci\u00f3n de su presidente, Pedro Jacquelin, Javier Mart\u00ednez, Intendente del Partido, Mariana Garc\u00eda, Secretaria de la C\u00e1mara de Comercio e Industria, Tom\u00e1s Kehoe y Alejandro Calder\u00f3n, integrantes de la Comisi\u00f3n Directiva y Juan Motta, en representaci\u00f3n de la Asociaci\u00f3n de Concesionarios de Automotores de la Rep\u00fablica Argentina (ACARA).<\/p>\n<p>El cl\u00e1sico encuentro de la ciudad, tendr\u00e1 lugar del 12 al 15 de septiembre en el predio de la Instituci\u00f3n, presentar\u00e1 atractivos para toda la comunidad y volver\u00e1 a reunir, como todos los a\u00f1os, el polo econ\u00f3mico y social de la zona para demostrar el potencial de la regi\u00f3n.<\/p>\n<p>Luego de un minuto de silencio, en memoria de Milton Rodr\u00edguez, productor de LT35 Radio Mon, que incansablemente colabor\u00f3 con la Muestra, el anfitri\u00f3n habl\u00f3 de las buenas expectativas para este a\u00f1o, pese al contexto actual, por el buen nivel de ventas de espacios. Asimismo, agradeci\u00f3 a los presentes y dio detalles generales. Adem\u00e1s, confirm\u00f3 la presencia de los food trucks con horario extendido y show en las noches.<\/p>\n<p>Javier Mart\u00ednez, por su parte se\u00f1al\u00f3: \u201cLos directivos y el equipo organizador ponen mucho de s\u00ed y muchas horas de trabajo para que este evento se haga realidad. A Pergamino, esto le da un plus, de una ciudad m\u00e1s importante, donde a trav\u00e9s de esta expo se muestran muchas cosas. Quiz\u00e1s esto empez\u00f3 siendo una muestra del agro, pero no tengo dudas de que es la muestra m\u00e1s representativa de la ciudad en su conjunto\u201d.<br \/>\nAsimismo, asegur\u00f3 que la Municipalidad estar\u00e1 presente con un stand dedicado a los j\u00f3venes, la innovaci\u00f3n y la cultura.<br \/>\nPor su parte, la C\u00e1mara de Comercio, Industria y Servicios, reforz\u00f3 el mensaje de Pedro y confirm\u00f3 que ya tiene todos los espacios vendidos en el sector exclusivo para socios. Las automotrices y la maquinar\u00eda, resaltaron las buenas expectativas que se abren a nivel financiaci\u00f3n y adelantaron que mostrar\u00e1n todas las novedades tecnol\u00f3gicas de la industria.<\/p>\n<p>Como cada a\u00f1o, la muestra ganadera no se quedar\u00e1 atr\u00e1s y los caba\u00f1eros aseguran que expondr\u00e1n reproductores de la mejor gen\u00e9tica y calidad. Al igual que el sector equino, que va creciendo y est\u00e1 armando una agenda cargada de atractivos. Su representante, Kehoe, invit\u00f3 a los presentes a una pe\u00f1a folkl\u00f3rica, como previa, este s\u00e1bado.<\/p>\n<p>\u201cSeguimos trabajando con la intenci\u00f3n de sumar m\u00e1s contenidos para todos los p\u00fablicos, a quienes les confirmamos que volver\u00e1n los sorteos; queremos que todo Pergamino est\u00e9 presente y celebre su fiesta\u201d, afirm\u00f3 Jacquelin.<\/p>\n<p>Al respecto, Mart\u00ednez agreg\u00f3 \u201cInvitamos a los vecinos a que se acerquen y disfruten de esta megamuestra del agro, el comercio y la industria, que seguramente es una de las m\u00e1s importantes de la regi\u00f3n\u201d.<\/p>\n<p>Y Jacquel\u00edn cerr\u00f3 \u201cLos esperamos para disfrutarla\u201d.<\/p>\n<p>Desde la Administraci\u00f3n, comunican que a\u00fan siguen en venta los \u00faltimos espacios. Los interesados, en participar con un stand, pueden contactarse con la Secretar\u00eda de la Sociedad Rural de Pergamino.[\/vc_column_text][\/vc_column][\/vc_row]<\/p>\n<\/div>","protected":false},"excerpt":{"rendered":"<p>[vc_row][vc_column][vc_column_text] El cl\u00e1sico de la regi\u00f3n volver\u00e1 a tener lugar en septiembre. Pergamino, 31 de julio de 2024.- La Sociedad Rural de Pergamino lanz\u00f3 oficialmente, en el d\u00eda de hoy, la 85\u00b0 Edici\u00f3n de su Exposici\u00f3n, en una conferencia de prensa, que cont\u00f3 con la participaci\u00f3n de su presidente, Pedro Jacquelin, Javier Mart\u00ednez, Intendente del&hellip;<\/p>\n","protected":false},"author":3,"featured_media":1759,"comment_status":"closed","ping_status":"closed","sticky":false,"template":"","format":"standard","meta":{"footnotes":""},"categories":[14,9],"tags":[],"class_list":["post-1758","post","type-post","status-publish","format-standard","has-post-thumbnail","hentry","category-comunicados-de-prensa","category-noticias-destacadas","category-14","category-9","description-off"],"_links":{"self":[{"href":"https:\/\/www.ruralpergamino.org.ar\/site\/wp-json\/wp\/v2\/posts\/1758","targetHints":{"allow":["GET"]}}],"collection":[{"href":"https:\/\/www.ruralpergamino.org.ar\/site\/wp-json\/wp\/v2\/posts"}],"about":[{"href":"https:\/\/www.ruralpergamino.org.ar\/site\/wp-json\/wp\/v2\/types\/post"}],"author":[{"embeddable":true,"href":"https:\/\/www.ruralpergamino.org.ar\/site\/wp-json\/wp\/v2\/users\/3"}],"replies":[{"embeddable":true,"href":"https:\/\/www.ruralpergamino.org.ar\/site\/wp-json\/wp\/v2\/comments?post=1758"}],"version-history":[{"count":2,"href":"https:\/\/www.ruralpergamino.org.ar\/site\/wp-json\/wp\/v2\/posts\/1758\/revisions"}],"predecessor-version":[{"id":1762,"href":"https:\/\/www.ruralpergamino.org.ar\/site\/wp-json\/wp\/v2\/posts\/1758\/revisions\/1762"}],"wp:featuredmedia":[{"embeddable":true,"href":"https:\/\/www.ruralpergamino.org.ar\/site\/wp-json\/wp\/v2\/media\/1759"}],"wp:attachment":[{"href":"https:\/\/www.ruralpergamino.org.ar\/site\/wp-json\/wp\/v2\/media?parent=1758"}],"wp:term":[{"taxonomy":"category","embeddable":true,"href":"https:\/\/www.ruralpergamino.org.ar\/site\/wp-json\/wp\/v2\/categories?post=1758"},{"taxonomy":"post_tag","embeddable":true,"href":"https:\/\/www.ruralpergamino.org.ar\/site\/wp-json\/wp\/v2\/tags?post=1758"}],"curies":[{"name":"wp","href":"https:\/\/api.w.org\/{rel}","templated":true}]}}