{"id":1777,"date":"2025-01-17T09:40:09","date_gmt":"2025-01-17T12:40:09","guid":{"rendered":"https:\/\/www.ruralpergamino.org.ar\/site\/?p=1777"},"modified":"2025-01-17T10:05:25","modified_gmt":"2025-01-17T13:05:25","slug":"comunicado-el-silencio","status":"publish","type":"post","link":"https:\/\/www.ruralpergamino.org.ar\/site\/comunicado-el-silencio\/","title":{"rendered":"Comunicado: \u00abEl Silencio\u00bb"},"content":{"rendered":"<p>A continuaci\u00f3n, les compartimos un comunicado de nuestra entidad junto con la Asociaci\u00f3n de Productores Agropecuarios de Capit\u00e1n Sarmiento y de Salto, la Asociaci\u00f3n de Productores Rurales de Arrecifes, la Asociaci\u00f3n Regional de Productores Rurales de San Antonio de Areco, las Sociedades Rurales de Baradero, Col\u00f3n, Lincoln, Rojas, San Pedro junto al Foro de Seguridad Rural Argentino:<\/p>\n<p style=\"text-align: center;\"><strong>El Silencio<\/strong><\/p>\n<p>La ausencia de un mensaje oficial por parte del Gobierno de la Provincia de Buenos Aires, junto con la falta de condena p\u00fablica frente a delitos evidentes, como los reiterados ataques contra veh\u00edculos de transporte de hacienda, transmite un mensaje devastador: \u00abel delito tiene cancha libre\u00bb.<\/p>\n<p>El ocultamiento, el temor y la preferencia por aceptar estos hechos, por miedo a consecuencias mayores, configuran un escenario de crisis institucional profunda, donde las garant\u00edas individuales quedan completamente desprotegidas.<\/p>\n<p>Sr Gobernador, hacemos p\u00fablica esta realidad para advertir sobre el estado de indefensi\u00f3n que se manifiesta de manera reiterada.<\/p>\n<p>&nbsp;<\/p>\n","protected":false},"excerpt":{"rendered":"<p>A continuaci\u00f3n, les compartimos un comunicado de nuestra entidad junto con la Asociaci\u00f3n de Productores Agropecuarios de Capit\u00e1n Sarmiento y de Salto, la Asociaci\u00f3n de Productores Rurales de Arrecifes, la Asociaci\u00f3n Regional de Productores Rurales de San Antonio de Areco, las Sociedades Rurales de Baradero, Col\u00f3n, Lincoln, Rojas, San Pedro junto al Foro de Seguridad&hellip;<\/p>\n","protected":false},"author":3,"featured_media":1687,"comment_status":"closed","ping_status":"closed","sticky":false,"template":"","format":"standard","meta":{"footnotes":""},"categories":[14,9,10],"tags":[],"class_list":["post-1777","post","type-post","status-publish","format-standard","has-post-thumbnail","hentry","category-comunicados-de-prensa","category-noticias-destacadas","category-novedades-institucionales","category-14","category-9","category-10","description-off"],"_links":{"self":[{"href":"https:\/\/www.ruralpergamino.org.ar\/site\/wp-json\/wp\/v2\/posts\/1777","targetHints":{"allow":["GET"]}}],"collection":[{"href":"https:\/\/www.ruralpergamino.org.ar\/site\/wp-json\/wp\/v2\/posts"}],"about":[{"href":"https:\/\/www.ruralpergamino.org.ar\/site\/wp-json\/wp\/v2\/types\/post"}],"author":[{"embeddable":true,"href":"https:\/\/www.ruralpergamino.org.ar\/site\/wp-json\/wp\/v2\/users\/3"}],"replies":[{"embeddable":true,"href":"https:\/\/www.ruralpergamino.org.ar\/site\/wp-json\/wp\/v2\/comments?post=1777"}],"version-history":[{"count":2,"href":"https:\/\/www.ruralpergamino.org.ar\/site\/wp-json\/wp\/v2\/posts\/1777\/revisions"}],"predecessor-version":[{"id":1781,"href":"https:\/\/www.ruralpergamino.org.ar\/site\/wp-json\/wp\/v2\/posts\/1777\/revisions\/1781"}],"wp:featuredmedia":[{"embeddable":true,"href":"https:\/\/www.ruralpergamino.org.ar\/site\/wp-json\/wp\/v2\/media\/1687"}],"wp:attachment":[{"href":"https:\/\/www.ruralpergamino.org.ar\/site\/wp-json\/wp\/v2\/media?parent=1777"}],"wp:term":[{"taxonomy":"category","embeddable":true,"href":"https:\/\/www.ruralpergamino.org.ar\/site\/wp-json\/wp\/v2\/categories?post=1777"},{"taxonomy":"post_tag","embeddable":true,"href":"https:\/\/www.ruralpergamino.org.ar\/site\/wp-json\/wp\/v2\/tags?post=1777"}],"curies":[{"name":"wp","href":"https:\/\/api.w.org\/{rel}","templated":true}]}}