{"id":1836,"date":"2025-07-18T18:08:52","date_gmt":"2025-07-18T21:08:52","guid":{"rendered":"https:\/\/www.ruralpergamino.org.ar\/site\/?p=1836"},"modified":"2025-07-18T18:09:46","modified_gmt":"2025-07-18T21:09:46","slug":"86-expo-rural-pergamino-la-ciudad-ya-vive-la-previa-de-su-gran-fiesta","status":"publish","type":"post","link":"https:\/\/www.ruralpergamino.org.ar\/site\/86-expo-rural-pergamino-la-ciudad-ya-vive-la-previa-de-su-gran-fiesta\/","title":{"rendered":"86\u00b0 Expo Rural Pergamino: la ciudad ya vive la previa de su gran fiesta"},"content":{"rendered":"<p style=\"text-align: center;\"><em>El cl\u00e1sico de la regi\u00f3n volver\u00e1 a tener lugar en septiembre.<\/em><\/p>\n<p>&nbsp;<\/p>\n<p><strong>Pergamino, 18 de julio de 2025.<\/strong>\u2013 La <strong>Sociedad Rural de Pergamino<\/strong> realiz\u00f3 hoy la conferencia de prensa de lanzamiento oficial de la <strong>86\u00b0 Expo Rural<\/strong>, que se llevar\u00e1 a cabo del <strong>11 al 14 de septiembre<\/strong> en el predio de la instituci\u00f3n.<\/p>\n<p>El encuentro cont\u00f3 con la presencia de <strong>Pedro Jacquelin<\/strong>, presidente de la Sociedad Rural; <strong>Alejandro Calder\u00f3n<\/strong>, miembro de la Comisi\u00f3n Directiva; <strong>Ignacio Maiztegui<\/strong>, presidente del bloque de concejales del oficialismo local, en representaci\u00f3n del <strong>Municipio de Pergamino<\/strong>; <strong>Maximiliano Cubino<\/strong>, presidente de la <strong>C\u00e1mara de Comercio, Industria y Servicios<\/strong>; y <strong>Florencia Motta<\/strong>, en representaci\u00f3n de la <strong>Asociaci\u00f3n de Concesionarios de Automotores de la Rep\u00fablica Argentina (ACARA)<\/strong>.<\/p>\n<p>Jacquelin abri\u00f3 el encuentro destacando que <em>\u201cla exposici\u00f3n es de todos, se hace en conjunto con todo Pergamino\u201d<\/em>, y anunci\u00f3 con satisfacci\u00f3n que la muestra fue declarada de <strong>inter\u00e9s municipal<\/strong> a trav\u00e9s del decreto <strong>DECTO-2025-2154-E-PER-INT<\/strong>, firmado el 14 de julio.<\/p>\n<p>Entre las novedades confirmadas, destac\u00f3 la continuidad de la muestra de <strong>Caballos Criollos<\/strong>, que crece a\u00f1o a a\u00f1o: en 2024 participaron <strong>135 caballos<\/strong> y <strong>m\u00e1s de 40 expositores<\/strong>. Como previa, se realizar\u00e1 una <strong>pe\u00f1a folkl\u00f3rica el 23 de agosto<\/strong> en el predio.<\/p>\n<p>Desde el <strong>Municipio<\/strong>, Maiztegui celebr\u00f3 la nueva edici\u00f3n y afirm\u00f3: <em>\u201cEs la muestra m\u00e1s emblem\u00e1tica de la zona, en el coraz\u00f3n productivo del pa\u00eds. Visibiliza la ciudad y pone en escena todo lo que hacemos a nivel local. Pergamino est\u00e1 bien posicionado para atraer empresas, generar empleo y ser elegido como lugar para vivir. Eso es lo que vamos a mostrar en nuestro espacio\u201d<\/em>. Confirm\u00f3 que para ello est\u00e1n trabajando distintas \u00e1reas municipales con propuestas orientadas a <strong>j\u00f3venes, cultura e innovaci\u00f3n<\/strong>.<\/p>\n<p>Por su parte, <strong>Maximiliano Cubino<\/strong> expres\u00f3: <em>\u201cA\u00f1o a a\u00f1o vamos mejorando. Siempre so\u00f1amos en m\u00e1s, y este a\u00f1o no es la excepci\u00f3n. Pedro no solo impulsa lo rural, tambi\u00e9n acompa\u00f1a lo comercial e industrial, y eso fortalece el trabajo conjunto con la C\u00e1mara\u201d<\/em>. Anticip\u00f3 que se est\u00e1n organizando <strong>charlas y capacitaciones abiertas al p\u00fablico<\/strong>, con m\u00e1s novedades por anunciar.<\/p>\n<p>Desde la <strong>Comisi\u00f3n Directiva<\/strong>, <strong>Alejandro Calder\u00f3n<\/strong> destac\u00f3 la alta demanda de espacios en el sector de <strong>maquinaria agr\u00edcola<\/strong>, que se encuentra completo, con expositores de toda la zona y solicitudes de ampliaci\u00f3n de lotes. Respecto a <strong>ganader\u00eda<\/strong>, se\u00f1al\u00f3 que se est\u00e1 renovando la organizaci\u00f3n y se sumar\u00e1n productores de la regi\u00f3n, con el objetivo de mostrar gen\u00e9tica de primer nivel, en un momento positivo para el sector.<\/p>\n<p><strong>Pedro Jacquelin<\/strong> agreg\u00f3 que este a\u00f1o habr\u00e1 una <strong>competencia con escuelas agrot\u00e9cnicas<\/strong>, que presentar\u00e1n animales criados por los propios estudiantes gracias a un acuerdo con <strong>Hereford<\/strong>. La propuesta apunta a generar una experiencia formativa con impacto en la salida laboral de los j\u00f3venes del sector.<\/p>\n<p>Por su parte, <strong>Florencia Motta<\/strong> celebr\u00f3 la creciente participaci\u00f3n de concesionarios cada a\u00f1o y ratific\u00f3 el compromiso del sector automotor con la muestra.<\/p>\n<p>Jacquelin tambi\u00e9n repas\u00f3 otras actividades destacadas y confirm\u00f3 la presencia de <strong>foodtrucks<\/strong> con <strong>shows nocturnos<\/strong> los d\u00edas viernes y s\u00e1bado, en conjunto con el \u00e1rea de Cultura del Municipio. Adem\u00e1s, habr\u00e1 <strong>visitas guiadas para escuelas<\/strong> el jueves y viernes, gracias al trabajo conjunto con el <strong>Consejo Escolar<\/strong>.<\/p>\n<p>Se inform\u00f3 adem\u00e1s que se est\u00e1 trabajando en la <strong>habilitaci\u00f3n del sector de aves y conejos<\/strong>, y en la programaci\u00f3n de <strong>charlas abiertas<\/strong> sobre <strong>deportes y actualidad econ\u00f3mica<\/strong>, en articulaci\u00f3n con la C\u00e1mara de Comercio y ACARA.<\/p>\n<p>La <strong>venta de espacios comerciales<\/strong> contin\u00faa a muy buen ritmo. Aunque a\u00fan no se definieron los precios de las entradas, se garantiz\u00f3 que ser\u00e1n <strong>accesibles<\/strong>, para que toda la regi\u00f3n pueda disfrutar de la fiesta de la ciudad.<\/p>\n<p>Jacquelin cerr\u00f3 agradeciendo a todos los presentes y <strong>convocando a disfrutar una nueva edici\u00f3n de la fiesta de Pergamino.<\/strong><\/p>\n","protected":false},"excerpt":{"rendered":"<p>El cl\u00e1sico de la regi\u00f3n volver\u00e1 a tener lugar en septiembre. &nbsp; Pergamino, 18 de julio de 2025.\u2013 La Sociedad Rural de Pergamino realiz\u00f3 hoy la conferencia de prensa de lanzamiento oficial de la 86\u00b0 Expo Rural, que se llevar\u00e1 a cabo del 11 al 14 de septiembre en el predio de la instituci\u00f3n. El&hellip;<\/p>\n","protected":false},"author":3,"featured_media":1837,"comment_status":"closed","ping_status":"closed","sticky":false,"template":"","format":"standard","meta":{"footnotes":""},"categories":[14,9],"tags":[],"class_list":["post-1836","post","type-post","status-publish","format-standard","has-post-thumbnail","hentry","category-comunicados-de-prensa","category-noticias-destacadas","category-14","category-9","description-off"],"_links":{"self":[{"href":"https:\/\/www.ruralpergamino.org.ar\/site\/wp-json\/wp\/v2\/posts\/1836","targetHints":{"allow":["GET"]}}],"collection":[{"href":"https:\/\/www.ruralpergamino.org.ar\/site\/wp-json\/wp\/v2\/posts"}],"about":[{"href":"https:\/\/www.ruralpergamino.org.ar\/site\/wp-json\/wp\/v2\/types\/post"}],"author":[{"embeddable":true,"href":"https:\/\/www.ruralpergamino.org.ar\/site\/wp-json\/wp\/v2\/users\/3"}],"replies":[{"embeddable":true,"href":"https:\/\/www.ruralpergamino.org.ar\/site\/wp-json\/wp\/v2\/comments?post=1836"}],"version-history":[{"count":1,"href":"https:\/\/www.ruralpergamino.org.ar\/site\/wp-json\/wp\/v2\/posts\/1836\/revisions"}],"predecessor-version":[{"id":1838,"href":"https:\/\/www.ruralpergamino.org.ar\/site\/wp-json\/wp\/v2\/posts\/1836\/revisions\/1838"}],"wp:featuredmedia":[{"embeddable":true,"href":"https:\/\/www.ruralpergamino.org.ar\/site\/wp-json\/wp\/v2\/media\/1837"}],"wp:attachment":[{"href":"https:\/\/www.ruralpergamino.org.ar\/site\/wp-json\/wp\/v2\/media?parent=1836"}],"wp:term":[{"taxonomy":"category","embeddable":true,"href":"https:\/\/www.ruralpergamino.org.ar\/site\/wp-json\/wp\/v2\/categories?post=1836"},{"taxonomy":"post_tag","embeddable":true,"href":"https:\/\/www.ruralpergamino.org.ar\/site\/wp-json\/wp\/v2\/tags?post=1836"}],"curies":[{"name":"wp","href":"https:\/\/api.w.org\/{rel}","templated":true}]}}