{"id":1847,"date":"2025-09-06T14:26:03","date_gmt":"2025-09-06T17:26:03","guid":{"rendered":"https:\/\/www.ruralpergamino.org.ar\/site\/?p=1847"},"modified":"2025-09-08T09:34:28","modified_gmt":"2025-09-08T12:34:28","slug":"86-expo-rural-pergamino-pergamino-comienza-a-celebrar-su-fiesta","status":"publish","type":"post","link":"https:\/\/www.ruralpergamino.org.ar\/site\/86-expo-rural-pergamino-pergamino-comienza-a-celebrar-su-fiesta\/","title":{"rendered":"86\u00b0 Expo Rural: Pergamino comienza a celebrar su fiesta"},"content":{"rendered":"<p style=\"text-align: center;\">El cl\u00e1sico de la regi\u00f3n vuelve a abrir sus puertas para demostrar el potencial de la regi\u00f3n.<\/p>\n<p>Esta semana, el predio de la Sociedad Rural de Pergamino se vuelve a vestir de fiesta para recibir a toda la comunidad en una nueva edici\u00f3n de la muestra m\u00e1s esperada del calendario local. Del jueves 11 al domingo 14 de septiembre, la 86\u00b0 Expo Rural vuelve a abrir sus puertas con una propuesta integral que combina campo, ciudad, entretenimiento y tradici\u00f3n.<\/p>\n<p>A capacidad completa y con muchas novedades, la muestra incluir\u00e1 propuestas para todos los gustos: la tradicional exposici\u00f3n ganadera, la XV Exposici\u00f3n de Caballos Criollos, el cl\u00e1sico Paseo de la C\u00e1mara de Comercio, Industria y Servicios, espect\u00e1culos en vivo, gastronom\u00eda regional, maquinaria, automotrices, tecnolog\u00eda aplicada al agro, granja educativa y mucho m\u00e1s.<\/p>\n<p><strong>Una experiencia educativa que apuesta al futuro<\/strong><\/p>\n<p>Por primera vez, la exposici\u00f3n contar\u00e1 con una competencia de escuelas agrot\u00e9cnicas, en la que estudiantes de cinco instituciones de la regi\u00f3n participar\u00e1n con animales criados por ellos mismos, gracias al acompa\u00f1amiento de la Asociaci\u00f3n Argentina de Hereford. Una propuesta que combina aprendizaje, vocaci\u00f3n y compromiso con el futuro laboral del agro.<\/p>\n<p>Adem\u00e1s, durante jueves y viernes se realizar\u00e1n visitas guiadas para delegaciones escolares, organizadas junto a la Escuela de Educaci\u00f3n Agropecuaria N\u00b01, para que los m\u00e1s j\u00f3venes puedan recorrer y descubrir la muestra en todo su esplendor.<\/p>\n<p><strong>Cu\u00e1ndo y c\u00f3mo visitar la Expo<\/strong><\/p>\n<p>La muestra estar\u00e1 abierta al p\u00fablico todos los d\u00edas de 10 a 19 h. El jueves 11 la entrada ser\u00e1 libre y gratuita, mientras que el viernes, s\u00e1bado y domingo el valor ser\u00e1 de $6.000. Con cada entrada paga se participa de sorteos sorpresa, y el domingo se sortear\u00e1 una moto.<\/p>\n<p>Los jubilados con carnet, menores de 12 a\u00f1os y personas con discapacidad ingresan gratis todos los d\u00edas.<br \/>\nSe invita adem\u00e1s a los visitantes a colaborar con un alimento no perecedero, que ser\u00e1 destinado a comedores locales a trav\u00e9s de la Asociaci\u00f3n Civil \u201cX una sonrisa\u201d.<\/p>\n<p><strong>Inauguraci\u00f3n oficial y actividades destacadas<\/strong><\/p>\n<p>La inauguraci\u00f3n oficial se realizar\u00e1 el s\u00e1bado 13 a las 11 h, con presencia de autoridades, recorrido institucional y almuerzo. A las 14:30 h, tendr\u00e1 lugar el tradicional Desfile de Campeones en la pista central.<\/p>\n<p>Durante el domingo, la Expo se despedir\u00e1 con una tarde de espect\u00e1culos musicales en el escenario principal, con artistas locales y una propuesta familiar para cerrar la muestra a puro ritmo.<\/p>\n<p><strong>Sabores, m\u00fasica y encuentro<\/strong><\/p>\n<p>El Polo Gastron\u00f3mico, uno de los espacios m\u00e1s concurridos, se renueva con m\u00e1s de 20 propuestas gastron\u00f3micas que van desde los cl\u00e1sicos criollos hasta opciones gourmet, vegetarianas, dulces y cervezas artesanales. Estar\u00e1 abierto tambi\u00e9n por las noches, con AFTERs con DJ y m\u00fasica en vivo el viernes y s\u00e1bado.<br \/>\nAdem\u00e1s, se podr\u00e1 disfrutar del cl\u00e1sico Rinc\u00f3n Patero del Fort\u00edn Pergamino y del restaurante de la muestra, atendido por Mar\u00eda del Huerto Hure.<\/p>\n<p><strong>Un esfuerzo colectivo con sello local<\/strong><\/p>\n<p>\u201cLa exposici\u00f3n es de todos, se hace en conjunto con todo Pergamino\u201d, expres\u00f3 Pedro Jacquelin, presidente de la Sociedad Rural, quien agreg\u00f3 \u201cy ese esp\u00edritu se reflejar\u00e1 en cada rinc\u00f3n de la muestra\u201d.<\/p>\n<p>Como todos los a\u00f1os, acompa\u00f1an la organizaci\u00f3n, la C\u00e1mara de Comercio, Industria y Servicios y la Municipalidad de Pergamino, qui\u00e9n la declar\u00f3 de Inter\u00e9s Municipal, reafirmando su valor como espacio de encuentro, desarrollo y orgullo para el Partido.<\/p>\n","protected":false},"excerpt":{"rendered":"<p>El cl\u00e1sico de la regi\u00f3n vuelve a abrir sus puertas para demostrar el potencial de la regi\u00f3n. Esta semana, el predio de la Sociedad Rural de Pergamino se vuelve a vestir de fiesta para recibir a toda la comunidad en una nueva edici\u00f3n de la muestra m\u00e1s esperada del calendario local. Del jueves 11 al&hellip;<\/p>\n","protected":false},"author":3,"featured_media":1860,"comment_status":"closed","ping_status":"closed","sticky":false,"template":"","format":"standard","meta":{"footnotes":""},"categories":[14,9],"tags":[],"class_list":["post-1847","post","type-post","status-publish","format-standard","has-post-thumbnail","hentry","category-comunicados-de-prensa","category-noticias-destacadas","category-14","category-9","description-off"],"_links":{"self":[{"href":"https:\/\/www.ruralpergamino.org.ar\/site\/wp-json\/wp\/v2\/posts\/1847","targetHints":{"allow":["GET"]}}],"collection":[{"href":"https:\/\/www.ruralpergamino.org.ar\/site\/wp-json\/wp\/v2\/posts"}],"about":[{"href":"https:\/\/www.ruralpergamino.org.ar\/site\/wp-json\/wp\/v2\/types\/post"}],"author":[{"embeddable":true,"href":"https:\/\/www.ruralpergamino.org.ar\/site\/wp-json\/wp\/v2\/users\/3"}],"replies":[{"embeddable":true,"href":"https:\/\/www.ruralpergamino.org.ar\/site\/wp-json\/wp\/v2\/comments?post=1847"}],"version-history":[{"count":2,"href":"https:\/\/www.ruralpergamino.org.ar\/site\/wp-json\/wp\/v2\/posts\/1847\/revisions"}],"predecessor-version":[{"id":1861,"href":"https:\/\/www.ruralpergamino.org.ar\/site\/wp-json\/wp\/v2\/posts\/1847\/revisions\/1861"}],"wp:featuredmedia":[{"embeddable":true,"href":"https:\/\/www.ruralpergamino.org.ar\/site\/wp-json\/wp\/v2\/media\/1860"}],"wp:attachment":[{"href":"https:\/\/www.ruralpergamino.org.ar\/site\/wp-json\/wp\/v2\/media?parent=1847"}],"wp:term":[{"taxonomy":"category","embeddable":true,"href":"https:\/\/www.ruralpergamino.org.ar\/site\/wp-json\/wp\/v2\/categories?post=1847"},{"taxonomy":"post_tag","embeddable":true,"href":"https:\/\/www.ruralpergamino.org.ar\/site\/wp-json\/wp\/v2\/tags?post=1847"}],"curies":[{"name":"wp","href":"https:\/\/api.w.org\/{rel}","templated":true}]}}