{"id":1922,"date":"2026-01-26T13:51:53","date_gmt":"2026-01-26T16:51:53","guid":{"rendered":"https:\/\/www.ruralpergamino.org.ar\/site\/?p=1922"},"modified":"2026-01-26T13:51:53","modified_gmt":"2026-01-26T16:51:53","slug":"1-prueba-de-mansedumbre-pergamino-se-prepara-para-un-evento-inedito","status":"publish","type":"post","link":"https:\/\/www.ruralpergamino.org.ar\/site\/1-prueba-de-mansedumbre-pergamino-se-prepara-para-un-evento-inedito\/","title":{"rendered":"1\u00b0 Prueba de Mansedumbre: Pergamino se prepara para un evento in\u00e9dito"},"content":{"rendered":"<p style=\"text-align: center;\"><em>La Sociedad Rural de Pergamino ser\u00e1 sede de un festival que reunir\u00e1 a casi 100 domadores de Argentina y Uruguay para demostrar t\u00e9cnica, respeto y tradici\u00f3n.<\/em><\/p>\n<p><em>\u00a0<\/em><\/p>\n<p>El predio de la <strong>Sociedad Rural <\/strong>de <strong>Pergamino<\/strong> se prepara para abrir sus puertas a una propuesta que promete marcar un hito en el calendario tradicionalista de la regi\u00f3n. El pr\u00f3ximo <strong>s\u00e1bado 31 de enero y domingo 1 de febrero<\/strong>, se llevar\u00e1 a cabo la <strong>Primera Prueba de Mansedumbre<\/strong>, organizada por el reconocido domador e influencer local, <strong>Am\u00edlcar Unanue<\/strong> junto a sus hijos, <strong>Nazareno <\/strong>e <strong>Indiana<\/strong>.<\/p>\n<p>El evento no es solo una competencia, sino un homenaje a la doma tradicional argentina. Con la participaci\u00f3n de <strong>94 domadores<\/strong> inscriptos, la prueba pondr\u00e1 a prueba el v\u00ednculo entre el hombre y el animal: cada participante presentar\u00e1 un potro con apenas dos meses y medio de amansamiento, evaluando la equitaci\u00f3n, la docilidad y, fundamentalmente, el bienestar animal.<\/p>\n<p><strong>Una competencia basada en el respeto<\/strong><\/p>\n<p>Bajo la premisa de defender el buen trato, los jurados ser\u00e1n rigurosos en el control de lesiones y el uso de herramientas de apoyo, premiando la paciencia y el conocimiento por sobre la fuerza.<\/p>\n<p>\u201cEsta prueba nace como un homenaje al caballo Cara Sucia, que marc\u00f3 mi camino\u201d, expres\u00f3 <strong>Am\u00edlcar Unanue<\/strong>, quien organiza el festival. \u201cQueremos mostrar que hay muchas maneras de domar, pero todas llegan al mismo punto cuando se trabaja con respeto\u201d, agreg\u00f3.<\/p>\n<p>La magnitud del certamen se refleja tambi\u00e9n en sus reconocimientos: se repartir\u00e1n <strong>$15 millones en premios<\/strong> entre las seis posiciones principales y menciones especiales al mejor caballo y la mejor encillada.<\/p>\n<p><strong>Cronograma y actividades para la familia<\/strong><\/p>\n<p>El festival est\u00e1 dise\u00f1ado para ser una experiencia integral de campo y ciudad:<\/p>\n<ul>\n<li><strong>S\u00e1bado 31\/01:<\/strong> A las 8 h se realizar\u00e1 el desfile inaugural e izamiento de bandera. La competencia se desarrollar\u00e1 durante todo el d\u00eda, con un receso al mediod\u00eda para disfrutar del escenario folcl\u00f3rico.<\/li>\n<li><strong>Domingo 01\/02:<\/strong> Por la ma\u00f1ana se definir\u00e1n los 10 finalistas de donde surgir\u00e1n los grandes ganadores de la edici\u00f3n.<\/li>\n<\/ul>\n<p>El predio contar\u00e1 con un <strong>Paseo Gastron\u00f3mico<\/strong>, stands de pilcheros, juegos infantiles y la posibilidad de pasar dos jornadas \u00fanicas en familia.<\/p>\n<p>La entrada tendr\u00e1 un valor de $20.000 con acceso a ambos d\u00edas. Menores de 12 a\u00f1os, no abonan.<\/p>\n<p><strong>Tradici\u00f3n, m\u00fasica y proyecci\u00f3n nacional<\/strong><\/p>\n<p>El evento tendr\u00e1 una fuerte impronta cultural con la presencia de <strong>Milton Pino<\/strong> y las c\u00e1maras del programa <strong>\u201cAlma Gaucha\u201d<\/strong>. El escenario contar\u00e1 con artistas de renombre como Sa\u00fal Huenchul, Maxi Salas, El Entrevero y El Tigre Goro. Adem\u00e1s, cada jornada cerrar\u00e1 a partir de las 19:00 h con shows de cumbia para toda la familia.<\/p>\n<p><strong>Un esfuerzo con sello pergaminense<\/strong><\/p>\n<p>Con esta iniciativa, la Sociedad Rural reafirma su rol como uno de los predios m\u00e1s destacados del pa\u00eds. En palabras de Unanue: \u201cQuiero que esta fiesta sea de Pergamino, que crezca y sea reconocida en todo el pa\u00eds, ayudando a mantener vivas nuestras tradiciones sumando a los j\u00f3venes\u201d.<\/p>\n<p>&nbsp;<\/p>\n","protected":false},"excerpt":{"rendered":"<p>La Sociedad Rural de Pergamino ser\u00e1 sede de un festival que reunir\u00e1 a casi 100 domadores de Argentina y Uruguay para demostrar t\u00e9cnica, respeto y tradici\u00f3n. \u00a0 El predio de la Sociedad Rural de Pergamino se prepara para abrir sus puertas a una propuesta que promete marcar un hito en el calendario tradicionalista de la&hellip;<\/p>\n","protected":false},"author":3,"featured_media":1923,"comment_status":"closed","ping_status":"closed","sticky":false,"template":"","format":"standard","meta":{"footnotes":""},"categories":[14,9],"tags":[],"class_list":["post-1922","post","type-post","status-publish","format-standard","has-post-thumbnail","hentry","category-comunicados-de-prensa","category-noticias-destacadas","category-14","category-9","description-off"],"_links":{"self":[{"href":"https:\/\/www.ruralpergamino.org.ar\/site\/wp-json\/wp\/v2\/posts\/1922","targetHints":{"allow":["GET"]}}],"collection":[{"href":"https:\/\/www.ruralpergamino.org.ar\/site\/wp-json\/wp\/v2\/posts"}],"about":[{"href":"https:\/\/www.ruralpergamino.org.ar\/site\/wp-json\/wp\/v2\/types\/post"}],"author":[{"embeddable":true,"href":"https:\/\/www.ruralpergamino.org.ar\/site\/wp-json\/wp\/v2\/users\/3"}],"replies":[{"embeddable":true,"href":"https:\/\/www.ruralpergamino.org.ar\/site\/wp-json\/wp\/v2\/comments?post=1922"}],"version-history":[{"count":1,"href":"https:\/\/www.ruralpergamino.org.ar\/site\/wp-json\/wp\/v2\/posts\/1922\/revisions"}],"predecessor-version":[{"id":1924,"href":"https:\/\/www.ruralpergamino.org.ar\/site\/wp-json\/wp\/v2\/posts\/1922\/revisions\/1924"}],"wp:featuredmedia":[{"embeddable":true,"href":"https:\/\/www.ruralpergamino.org.ar\/site\/wp-json\/wp\/v2\/media\/1923"}],"wp:attachment":[{"href":"https:\/\/www.ruralpergamino.org.ar\/site\/wp-json\/wp\/v2\/media?parent=1922"}],"wp:term":[{"taxonomy":"category","embeddable":true,"href":"https:\/\/www.ruralpergamino.org.ar\/site\/wp-json\/wp\/v2\/categories?post=1922"},{"taxonomy":"post_tag","embeddable":true,"href":"https:\/\/www.ruralpergamino.org.ar\/site\/wp-json\/wp\/v2\/tags?post=1922"}],"curies":[{"name":"wp","href":"https:\/\/api.w.org\/{rel}","templated":true}]}}