{"id":339,"date":"2022-06-28T01:49:50","date_gmt":"2022-06-28T01:49:50","guid":{"rendered":"https:\/\/www.ruralpergamino.org.ar\/site\/?p=339"},"modified":"2022-07-23T01:54:06","modified_gmt":"2022-07-23T04:54:06","slug":"ii-edicion-concurso-fotografico-reflejos-de-nuestro-campo","status":"publish","type":"post","link":"https:\/\/www.ruralpergamino.org.ar\/site\/ii-edicion-concurso-fotografico-reflejos-de-nuestro-campo\/","title":{"rendered":"II Edici\u00f3n Concurso Fotogr\u00e1fico \u00abReflejos de nuestro Campo\u00bb"},"content":{"rendered":"<div class=\"wpb-content-wrapper\"><p>[vc_row][vc_column width=\u00bb1\/2&#8243;][vc_empty_space][vc_column_text]Se realiz\u00f3 en el marco de la 72\u00ba Exposici\u00f3n Sociedad Rural de Pergamino en el 2010, con el requisito ineludible de\u00a0que las fotos presentadas deber\u00edan ser TOMADAS DENTRO DEL PARTIDO DE PERGAMINO.<\/p>\n<p>Tem\u00e1tica: \u201cNuestro Campo\u201d<\/p>\n<p>Caracter\u00edsticas rurales de nuestra zona, el hombre de campo, sus actividades, sus costumbres y su paisaje.<\/p>\n<p>El jurado estuvo compuesto por 3 personas, a saber: un representante de la entidad organizadora y dos fot\u00f3grafos\u00a0profesionales de la ciudad de Pergamino, cuya decisi\u00f3n y premiaci\u00f3n fueron inapelables.<br \/>\nSe juzgaron valorando principalmente la creatividad y expresividad de las obras.<br \/>\nSe premiaron los 3 primeros lugares en el orden de primer, segundo y tercer premio consistente en plaquetas distintivas\u00a0y 9 menciones que recibieron medalla de la Sociedad Rural.<br \/>\nLas 12 fotos seleccionadas integraron el almanaque institucional del\u00a0a\u00f1o 2011.<\/p>\n<p>&nbsp;<\/p>\n<ul>\n<li>PRIMER PREMIO:\u00a0Cecilia\u00a0Rodr\u00edguez Solmi.\u00a0Seud\u00f3nimo: LA NEGRA.\u00a0T\u00edtulo de la Obra: Siesta Campera.<\/li>\n<li>SEGUNDO PREMIO: Federico\u00a0Cascardo.\u00a0Seud\u00f3nimo: GRINGO ROYER.\u00a0T\u00edtulo de la Obra: Tranquera.<\/li>\n<li>TERCER PREMIO:\u00a0Mat\u00edas\u00a0Gerde.\u00a0Seud\u00f3nimo: MATIAS.\u00a0T\u00edtulo de la Obra: Evoluci\u00f3n.<\/li>\n<li>MENCI\u00d3N ESPECIAL:\u00a0Pablo Andr\u00e9s\u00a0Carden.\u00a0Seud\u00f3nimo: CIEGO.\u00a0T\u00edtulo de la Obra: Hermanos.<\/li>\n<li>MENCIONES:\n<ul>\n<li>Autor: Cascardo, Federico.\u00a0Seud\u00f3nimo: GRINGO ROYER.\u00a0T\u00edtulo de la Obra: Atardecer entre los \u00e1rboles.<\/li>\n<li>Autor: Cubino, Fernando.\u00a0Seud\u00f3nimo: J.JONQUIERES.\u00a0T\u00edtulo de la Obra: Dos Horses en la Neblina.<\/li>\n<li>Autor: Fidalgo, Graciela.\u00a0Seud\u00f3nimo: GRACHU.\u00a0T\u00edtulo de la Obra: Acompa\u00f1ando.<\/li>\n<li>Autor: Giamarco. Gisela.\u00a0Seud\u00f3nimo: BRUJI.\u00a0T\u00edtulo de la Obra: Sin T\u00edtulo.<\/li>\n<li>Autor: Grandi, Jos\u00e9 Luis.\u00a0Seud\u00f3nimo: LUCHO.\u00a0T\u00edtulo de la Obra: El d\u00eda Despu\u00e9s.<\/li>\n<li>Autor: Grandi, Jos\u00e9 Luis.\u00a0Seud\u00f3nimo: LUCHO.\u00a0T\u00edtulo de la Obra: La Raci\u00f3n.<\/li>\n<li>Autor: Mogues, Silvia N\u00e9lida.\u00a0Seud\u00f3nimo: MARTA M.\u00a0T\u00edtulo de la Obra: A\u00f1orados Tiempos.<\/li>\n<\/ul>\n<\/li>\n<\/ul>\n<p>[\/vc_column_text][\/vc_column][vc_column width=\u00bb1\/2&#8243;][vc_media_grid gap=\u00bb0&#8243; grid_id=\u00bbvc_gid:1658552002817-16b9b234-284d-10&#8243; include=\u00bb342,343,344,345,346,347&#8243;][\/vc_column][\/vc_row]<\/p>\n<\/div>","protected":false},"excerpt":{"rendered":"<p>[vc_row][vc_column width=\u00bb1\/2&#8243;][vc_empty_space][vc_column_text]Se realiz\u00f3 en el marco de la 72\u00ba Exposici\u00f3n Sociedad Rural de Pergamino en el 2010, con el requisito ineludible de\u00a0que las fotos presentadas deber\u00edan ser TOMADAS DENTRO DEL PARTIDO DE PERGAMINO. Tem\u00e1tica: \u201cNuestro Campo\u201d Caracter\u00edsticas rurales de nuestra zona, el hombre de campo, sus actividades, sus costumbres y su paisaje. El jurado estuvo&hellip;<\/p>\n","protected":false},"author":2,"featured_media":346,"comment_status":"closed","ping_status":"closed","sticky":false,"template":"","format":"standard","meta":{"footnotes":""},"categories":[8],"tags":[],"class_list":["post-339","post","type-post","status-publish","format-standard","has-post-thumbnail","hentry","category-rincon-cultural","category-8","description-off"],"_links":{"self":[{"href":"https:\/\/www.ruralpergamino.org.ar\/site\/wp-json\/wp\/v2\/posts\/339","targetHints":{"allow":["GET"]}}],"collection":[{"href":"https:\/\/www.ruralpergamino.org.ar\/site\/wp-json\/wp\/v2\/posts"}],"about":[{"href":"https:\/\/www.ruralpergamino.org.ar\/site\/wp-json\/wp\/v2\/types\/post"}],"author":[{"embeddable":true,"href":"https:\/\/www.ruralpergamino.org.ar\/site\/wp-json\/wp\/v2\/users\/2"}],"replies":[{"embeddable":true,"href":"https:\/\/www.ruralpergamino.org.ar\/site\/wp-json\/wp\/v2\/comments?post=339"}],"version-history":[{"count":4,"href":"https:\/\/www.ruralpergamino.org.ar\/site\/wp-json\/wp\/v2\/posts\/339\/revisions"}],"predecessor-version":[{"id":950,"href":"https:\/\/www.ruralpergamino.org.ar\/site\/wp-json\/wp\/v2\/posts\/339\/revisions\/950"}],"wp:featuredmedia":[{"embeddable":true,"href":"https:\/\/www.ruralpergamino.org.ar\/site\/wp-json\/wp\/v2\/media\/346"}],"wp:attachment":[{"href":"https:\/\/www.ruralpergamino.org.ar\/site\/wp-json\/wp\/v2\/media?parent=339"}],"wp:term":[{"taxonomy":"category","embeddable":true,"href":"https:\/\/www.ruralpergamino.org.ar\/site\/wp-json\/wp\/v2\/categories?post=339"},{"taxonomy":"post_tag","embeddable":true,"href":"https:\/\/www.ruralpergamino.org.ar\/site\/wp-json\/wp\/v2\/tags?post=339"}],"curies":[{"name":"wp","href":"https:\/\/api.w.org\/{rel}","templated":true}]}}