{"id":488,"date":"2021-08-12T13:24:04","date_gmt":"2021-08-12T13:24:04","guid":{"rendered":"https:\/\/www.ruralpergamino.org.ar\/site\/?p=488"},"modified":"2022-07-14T03:37:10","modified_gmt":"2022-07-14T03:37:10","slug":"se-viene-la-82da-exposicion-ganadera","status":"publish","type":"post","link":"https:\/\/www.ruralpergamino.org.ar\/site\/se-viene-la-82da-exposicion-ganadera\/","title":{"rendered":"Se viene la 82da Exposici\u00f3n Ganadera"},"content":{"rendered":"<p>El pr\u00f3ximo 9 y 10 de septiembre se llevar\u00e1 a cabo en la Sociedad Rural de Pergamino la Expo Ganadera.<\/p>\n<p>Las actividades empezar\u00e1n el d\u00eda 9, a partir de las 10 hs con la jura de animales y culminar\u00e1n el 10 con le remate a partir de las 14 horas.<\/p>\n<p>A la venta, saldr\u00e1n reproductores Angus y Hereford, tanto toros y hembras,\u00a0puros pedigree, puros controlados y puro registrados. Las consignatarias que tendr\u00e1n a cargo el mismo ser\u00e1n: Giacoma y C\u00eda.\u00a0 Ceccoli y Ricchi. Y Colombo y Colombo.<\/p>\n<p>Cabe destacar que se llevar\u00e1 a cabo en forma presencial. Para participar, los invitamos a inscribirse en las oficinas de la entidad y respetar el protocolo COVID-19: mantener el distanciamiento social y utilizar barbijo y\/o tapaboca.<\/p>\n","protected":false},"excerpt":{"rendered":"<p>El pr\u00f3ximo 9 y 10 de septiembre se llevar\u00e1 a cabo en la Sociedad Rural de Pergamino la Expo Ganadera. Las actividades empezar\u00e1n el d\u00eda 9, a partir de las 10 hs con la jura de animales y culminar\u00e1n el 10 con le remate a partir de las 14 horas. A la venta, saldr\u00e1n reproductores&hellip;<\/p>\n","protected":false},"author":2,"featured_media":489,"comment_status":"closed","ping_status":"closed","sticky":false,"template":"","format":"standard","meta":{"footnotes":""},"categories":[14],"tags":[],"class_list":["post-488","post","type-post","status-publish","format-standard","has-post-thumbnail","hentry","category-comunicados-de-prensa","category-14","description-off"],"_links":{"self":[{"href":"https:\/\/www.ruralpergamino.org.ar\/site\/wp-json\/wp\/v2\/posts\/488","targetHints":{"allow":["GET"]}}],"collection":[{"href":"https:\/\/www.ruralpergamino.org.ar\/site\/wp-json\/wp\/v2\/posts"}],"about":[{"href":"https:\/\/www.ruralpergamino.org.ar\/site\/wp-json\/wp\/v2\/types\/post"}],"author":[{"embeddable":true,"href":"https:\/\/www.ruralpergamino.org.ar\/site\/wp-json\/wp\/v2\/users\/2"}],"replies":[{"embeddable":true,"href":"https:\/\/www.ruralpergamino.org.ar\/site\/wp-json\/wp\/v2\/comments?post=488"}],"version-history":[{"count":1,"href":"https:\/\/www.ruralpergamino.org.ar\/site\/wp-json\/wp\/v2\/posts\/488\/revisions"}],"predecessor-version":[{"id":490,"href":"https:\/\/www.ruralpergamino.org.ar\/site\/wp-json\/wp\/v2\/posts\/488\/revisions\/490"}],"wp:featuredmedia":[{"embeddable":true,"href":"https:\/\/www.ruralpergamino.org.ar\/site\/wp-json\/wp\/v2\/media\/489"}],"wp:attachment":[{"href":"https:\/\/www.ruralpergamino.org.ar\/site\/wp-json\/wp\/v2\/media?parent=488"}],"wp:term":[{"taxonomy":"category","embeddable":true,"href":"https:\/\/www.ruralpergamino.org.ar\/site\/wp-json\/wp\/v2\/categories?post=488"},{"taxonomy":"post_tag","embeddable":true,"href":"https:\/\/www.ruralpergamino.org.ar\/site\/wp-json\/wp\/v2\/tags?post=488"}],"curies":[{"name":"wp","href":"https:\/\/api.w.org\/{rel}","templated":true}]}}