{"id":542,"date":"2021-05-19T01:19:11","date_gmt":"2021-05-19T01:19:11","guid":{"rendered":"https:\/\/www.ruralpergamino.org.ar\/site\/?p=542"},"modified":"2022-07-14T01:42:12","modified_gmt":"2022-07-14T01:42:12","slug":"numeros-para-que-conozca-el-presidente","status":"publish","type":"post","link":"https:\/\/www.ruralpergamino.org.ar\/site\/numeros-para-que-conozca-el-presidente\/","title":{"rendered":"N\u00fameros para que conozca el Presidente"},"content":{"rendered":"<p>Comunicado de cRA.<\/p>\n<p>En el marco de la anunciada medida de cerrar las exportaciones de carne que impulsa el Gobierno nacional y m\u00e1s all\u00e1 de la innumerable cantidad de rechazos que la medida ha generado, CRA, no puede dejar pasar, por err\u00f3nea, la informaci\u00f3n suministrada por el Sr. presidente de la Rep\u00fablica en un reportaje concedido ayer al programa de Gustavo Sylvestre en Radio 10, en el programa \u00abMa\u00f1ana Sylvestre\u00bb.<\/p>\n<p>En la citada entrevista, el mandatario afirm\u00f3 con total liviandad que \u00abhasta el a\u00f1o 45\/46 la Argentina ten\u00eda dos millones de cabezas de ganado, cuando llega el peronismo, esa producci\u00f3n empieza a crecer y cuando el peronismo se va deja tres millones de cabezas de ganado, y luego ante la pregunta del periodista de \u00ab\u00bfcu\u00e1ntas cabezas de ganado tenemos hoy?\u00bb; la respuesta del mandatario fue \u00abtres millones de cabezas de ganado\u00bb.<\/p>\n<p>Resulta francamente incre\u00edble, que quien decidi\u00f3 cerrar las exportaciones de carne, no tenga no solo la informaci\u00f3n sobre lo que hable, ni tan siquiera la perspectiva l\u00f3gica de lo que est\u00e1 diciendo, sin embargo, se permite la catedr\u00e1tica funci\u00f3n de explicar, con cifras irreales, es decir sin tener conocimiento de lo que relata.<\/p>\n<p>Para informaci\u00f3n del Sr. presidente las existencias de cabezas a la fecha son de acuerdo al Ministerio de Agricultura y Ganader\u00eda de la Naci\u00f3n y el Servicio de Sanidad y Calidad Agroalimentaria (Senasa) el stock con el que inici\u00f3 el a\u00f1o 2020, fue de 54.460.799 cabezas dato que emana de la propia administraci\u00f3n que conduce.<\/p>\n<p>Sostener que en Argentina hay tres millones de vacunos, no resiste el an\u00e1lisis y nos coloca en la dolorosa circunstancia de observar, at\u00f3nitos, que quienes dirigen nuestros destinos, no cuentan con los conocimientos suficientes, por tanto, es posible esperar que sus decisiones sean siempre equivocadas, por no contar con diagn\u00f3stico certero.<\/p>\n<p>Alguna vez, fue el \u00abyuyito verde\u00bb, hoy, a los tres millones de cabezas. Se\u00f1ales del triste desconocimiento permanente sobre la realidad agropecuaria.<\/p>\n<p>Fuente: CRA<\/p>\n","protected":false},"excerpt":{"rendered":"<p>Comunicado de cRA. En el marco de la anunciada medida de cerrar las exportaciones de carne que impulsa el Gobierno nacional y m\u00e1s all\u00e1 de la innumerable cantidad de rechazos que la medida ha generado, CRA, no puede dejar pasar, por err\u00f3nea, la informaci\u00f3n suministrada por el Sr. presidente de la Rep\u00fablica en un reportaje&hellip;<\/p>\n","protected":false},"author":2,"featured_media":484,"comment_status":"closed","ping_status":"closed","sticky":false,"template":"","format":"standard","meta":{"footnotes":""},"categories":[12],"tags":[],"class_list":["post-542","post","type-post","status-publish","format-standard","has-post-thumbnail","hentry","category-generales","category-12","description-off"],"_links":{"self":[{"href":"https:\/\/www.ruralpergamino.org.ar\/site\/wp-json\/wp\/v2\/posts\/542","targetHints":{"allow":["GET"]}}],"collection":[{"href":"https:\/\/www.ruralpergamino.org.ar\/site\/wp-json\/wp\/v2\/posts"}],"about":[{"href":"https:\/\/www.ruralpergamino.org.ar\/site\/wp-json\/wp\/v2\/types\/post"}],"author":[{"embeddable":true,"href":"https:\/\/www.ruralpergamino.org.ar\/site\/wp-json\/wp\/v2\/users\/2"}],"replies":[{"embeddable":true,"href":"https:\/\/www.ruralpergamino.org.ar\/site\/wp-json\/wp\/v2\/comments?post=542"}],"version-history":[{"count":1,"href":"https:\/\/www.ruralpergamino.org.ar\/site\/wp-json\/wp\/v2\/posts\/542\/revisions"}],"predecessor-version":[{"id":543,"href":"https:\/\/www.ruralpergamino.org.ar\/site\/wp-json\/wp\/v2\/posts\/542\/revisions\/543"}],"wp:featuredmedia":[{"embeddable":true,"href":"https:\/\/www.ruralpergamino.org.ar\/site\/wp-json\/wp\/v2\/media\/484"}],"wp:attachment":[{"href":"https:\/\/www.ruralpergamino.org.ar\/site\/wp-json\/wp\/v2\/media?parent=542"}],"wp:term":[{"taxonomy":"category","embeddable":true,"href":"https:\/\/www.ruralpergamino.org.ar\/site\/wp-json\/wp\/v2\/categories?post=542"},{"taxonomy":"post_tag","embeddable":true,"href":"https:\/\/www.ruralpergamino.org.ar\/site\/wp-json\/wp\/v2\/tags?post=542"}],"curies":[{"name":"wp","href":"https:\/\/api.w.org\/{rel}","templated":true}]}}