{"id":545,"date":"2021-09-08T01:21:11","date_gmt":"2021-09-08T01:21:11","guid":{"rendered":"https:\/\/www.ruralpergamino.org.ar\/site\/?p=545"},"modified":"2022-07-14T00:59:26","modified_gmt":"2022-07-14T00:59:26","slug":"no-sr-presidente","status":"publish","type":"post","link":"https:\/\/www.ruralpergamino.org.ar\/site\/no-sr-presidente\/","title":{"rendered":"No Sr. Presidente"},"content":{"rendered":"<p>La carne no estabiliz\u00f3 su precio en mostrador por el desacierto de una medida demag\u00f3gica, anacr\u00f3nica, y de sesgo antiproductivo, el precio de la carne hist\u00f3ricamente demuestra una estacionalidad que se repite todos los a\u00f1os de condiciones normales en esta \u00e9poca, como resultado de la interacci\u00f3n entre la din\u00e1mica del mercado de demanda interno y la producci\u00f3n. Los precios de los cortes tienden a estabilizarse, esto sucede cual si obedeciese a leyes naturales y nada tiene que ver con el cierre de las exportaciones; es algo que sabemos todos los que formamos parte de la cadena productiva, tambi\u00e9n lo saben, o deber\u00edan saberlo, sus funcionarios Sr. Presidente; la exportaci\u00f3n no es antag\u00f3nica con el mercado interno, sino complementaria, sus propios funcionarios se lo pueden explicar.<\/p>\n<p>Los precios se estabilizan, porque \u00abal mercado interno no le entra un kilo m\u00e1s de carne\u00bb, lo mismo pasa con otros bienes b\u00e1sicos de consumo como la verdura, el pan y la leche; la ca\u00edda abrupta del poder adquisitivo de la gente, fruto de una desvalorizaci\u00f3n constante de nuestra moneda hace que a\u00fan con las ofertas obligadas por la falta de venta, el consumo no crezca, no traccione.<\/p>\n<p>Decir que los precios bajaron como resultado del cierre de las exportaciones es querer justificar un desacierto con una mentira. La medida no tuvo impacto en los precios al consumidor que siguieron su tendencia estacional, pero s\u00ed afect\u00f3 a peque\u00f1os y medianos productores, a trabajadores de toda la cadena y nos condena a menores \u00edndices productivos en el futuro cercano. La historia volver\u00e1 a repetirse y el consumo per c\u00e1pita volver\u00e1 a caer como ya lo ha hecho fruto de estas medidas.<\/p>\n<p>La producci\u00f3n no se puede crear por decreto presidente.<\/p>\n<p>La persistencia en el error, destruye el entramado productivo, el aumento de oferta y capacidad de generaci\u00f3n de empleo genuino. No entender esto, es simplemente una hemiplejia intelectual.<\/p>\n<p>Fuente: CRA<\/p>\n","protected":false},"excerpt":{"rendered":"<p>La carne no estabiliz\u00f3 su precio en mostrador por el desacierto de una medida demag\u00f3gica, anacr\u00f3nica, y de sesgo antiproductivo, el precio de la carne hist\u00f3ricamente demuestra una estacionalidad que se repite todos los a\u00f1os de condiciones normales en esta \u00e9poca, como resultado de la interacci\u00f3n entre la din\u00e1mica del mercado de demanda interno y&hellip;<\/p>\n","protected":false},"author":2,"featured_media":484,"comment_status":"closed","ping_status":"closed","sticky":false,"template":"","format":"standard","meta":{"footnotes":""},"categories":[14,12],"tags":[],"class_list":["post-545","post","type-post","status-publish","format-standard","has-post-thumbnail","hentry","category-comunicados-de-prensa","category-generales","category-14","category-12","description-off"],"_links":{"self":[{"href":"https:\/\/www.ruralpergamino.org.ar\/site\/wp-json\/wp\/v2\/posts\/545","targetHints":{"allow":["GET"]}}],"collection":[{"href":"https:\/\/www.ruralpergamino.org.ar\/site\/wp-json\/wp\/v2\/posts"}],"about":[{"href":"https:\/\/www.ruralpergamino.org.ar\/site\/wp-json\/wp\/v2\/types\/post"}],"author":[{"embeddable":true,"href":"https:\/\/www.ruralpergamino.org.ar\/site\/wp-json\/wp\/v2\/users\/2"}],"replies":[{"embeddable":true,"href":"https:\/\/www.ruralpergamino.org.ar\/site\/wp-json\/wp\/v2\/comments?post=545"}],"version-history":[{"count":1,"href":"https:\/\/www.ruralpergamino.org.ar\/site\/wp-json\/wp\/v2\/posts\/545\/revisions"}],"predecessor-version":[{"id":546,"href":"https:\/\/www.ruralpergamino.org.ar\/site\/wp-json\/wp\/v2\/posts\/545\/revisions\/546"}],"wp:featuredmedia":[{"embeddable":true,"href":"https:\/\/www.ruralpergamino.org.ar\/site\/wp-json\/wp\/v2\/media\/484"}],"wp:attachment":[{"href":"https:\/\/www.ruralpergamino.org.ar\/site\/wp-json\/wp\/v2\/media?parent=545"}],"wp:term":[{"taxonomy":"category","embeddable":true,"href":"https:\/\/www.ruralpergamino.org.ar\/site\/wp-json\/wp\/v2\/categories?post=545"},{"taxonomy":"post_tag","embeddable":true,"href":"https:\/\/www.ruralpergamino.org.ar\/site\/wp-json\/wp\/v2\/tags?post=545"}],"curies":[{"name":"wp","href":"https:\/\/api.w.org\/{rel}","templated":true}]}}