{"id":601,"date":"2022-01-13T00:30:29","date_gmt":"2022-01-13T00:30:29","guid":{"rendered":"https:\/\/www.ruralpergamino.org.ar\/site\/?p=601"},"modified":"2022-07-14T01:40:26","modified_gmt":"2022-07-14T01:40:26","slug":"confederaciones-rurales-argentinas-y-el-respeto-a-la-corte-suprema-de-justicia","status":"publish","type":"post","link":"https:\/\/www.ruralpergamino.org.ar\/site\/confederaciones-rurales-argentinas-y-el-respeto-a-la-corte-suprema-de-justicia\/","title":{"rendered":"Confederaciones Rurales Argentinas y el respeto a la Corte Suprema de Justicia"},"content":{"rendered":"<p class=\"p1\">Para Confederaciones Rurales Argentinas, la independencia de los Poderes del Estado, hace a la esencia de la Rep\u00fablica y resulta un valor indiscutible, si queremos vivir en una Rep\u00fablica institucionalizada.<\/p>\n<p class=\"p1\">Las declaraciones p\u00fablicas en favor de marchas y\/o aprietes a uno de los poderes del Estado, resultan francamente intolerables, solo pueden albergar estas ideas, quienes creen que su pensamiento, \u00fanico y politizado, es el que debe prevalecer mas all\u00e1 de los hechos y la libre resoluci\u00f3n de los casos sometidos a la Justicia.<\/p>\n<p class=\"p1\">Como todo Poder, el Judicial puede ser revisado en su funcionamiento y cambiar y\/o agilizar, los procedimientos y duraci\u00f3n de los casos sometidos a su sentencia, pero de ning\u00fan modo podemos admitir, que, denostando a los integrantes de la Corte Suprema, habremos de conseguir un mejor servicio de Justicia.<\/p>\n<p class=\"p1\">CRA observa con suma preocupaci\u00f3n la desmesura de declaraciones de encumbrados funcionarios, que promueven la agitaci\u00f3n y el caos, cuando debieran ser los garantes de una b\u00fasqueda de dialogo y debate constructivo inter poderes, tratando de ofrecer institucionalidad y confianza.<\/p>\n<p class=\"p1\">En momentos en que enfrentamos crecientes dificultades econ\u00f3micas, externas e internas, con ingentes necesidades de inversiones, la seguridad jur\u00eddica que ofrezca un Poder Judicial, libre y despolitizado resulta fundamental.<\/p>\n<p class=\"p1\">Por ello reclamamos a los funcionarios p\u00fablicos, que busquen soluciones en el marco de las propuestas, leyes y la Constituci\u00f3n Nacional, para ello se requieren aportes y no marchas pol\u00edticas, con fines inconfesables.<\/p>\n<p class=\"p1\">Fuente: CRA<\/p>\n","protected":false},"excerpt":{"rendered":"<p>Para Confederaciones Rurales Argentinas, la independencia de los Poderes del Estado, hace a la esencia de la Rep\u00fablica y resulta un valor indiscutible, si queremos vivir en una Rep\u00fablica institucionalizada. Las declaraciones p\u00fablicas en favor de marchas y\/o aprietes a uno de los poderes del Estado, resultan francamente intolerables, solo pueden albergar estas ideas, quienes&hellip;<\/p>\n","protected":false},"author":2,"featured_media":484,"comment_status":"closed","ping_status":"closed","sticky":false,"template":"","format":"standard","meta":{"footnotes":""},"categories":[14],"tags":[],"class_list":["post-601","post","type-post","status-publish","format-standard","has-post-thumbnail","hentry","category-comunicados-de-prensa","category-14","description-off"],"_links":{"self":[{"href":"https:\/\/www.ruralpergamino.org.ar\/site\/wp-json\/wp\/v2\/posts\/601","targetHints":{"allow":["GET"]}}],"collection":[{"href":"https:\/\/www.ruralpergamino.org.ar\/site\/wp-json\/wp\/v2\/posts"}],"about":[{"href":"https:\/\/www.ruralpergamino.org.ar\/site\/wp-json\/wp\/v2\/types\/post"}],"author":[{"embeddable":true,"href":"https:\/\/www.ruralpergamino.org.ar\/site\/wp-json\/wp\/v2\/users\/2"}],"replies":[{"embeddable":true,"href":"https:\/\/www.ruralpergamino.org.ar\/site\/wp-json\/wp\/v2\/comments?post=601"}],"version-history":[{"count":1,"href":"https:\/\/www.ruralpergamino.org.ar\/site\/wp-json\/wp\/v2\/posts\/601\/revisions"}],"predecessor-version":[{"id":602,"href":"https:\/\/www.ruralpergamino.org.ar\/site\/wp-json\/wp\/v2\/posts\/601\/revisions\/602"}],"wp:featuredmedia":[{"embeddable":true,"href":"https:\/\/www.ruralpergamino.org.ar\/site\/wp-json\/wp\/v2\/media\/484"}],"wp:attachment":[{"href":"https:\/\/www.ruralpergamino.org.ar\/site\/wp-json\/wp\/v2\/media?parent=601"}],"wp:term":[{"taxonomy":"category","embeddable":true,"href":"https:\/\/www.ruralpergamino.org.ar\/site\/wp-json\/wp\/v2\/categories?post=601"},{"taxonomy":"post_tag","embeddable":true,"href":"https:\/\/www.ruralpergamino.org.ar\/site\/wp-json\/wp\/v2\/tags?post=601"}],"curies":[{"name":"wp","href":"https:\/\/api.w.org\/{rel}","templated":true}]}}