{"id":605,"date":"2021-12-20T00:51:24","date_gmt":"2021-12-20T00:51:24","guid":{"rendered":"https:\/\/www.ruralpergamino.org.ar\/site\/?p=605"},"modified":"2022-07-14T01:40:10","modified_gmt":"2022-07-14T01:40:10","slug":"ahogando-a-la-produccion-2","status":"publish","type":"post","link":"https:\/\/www.ruralpergamino.org.ar\/site\/ahogando-a-la-produccion-2\/","title":{"rendered":"Ahogando a la producci\u00f3n"},"content":{"rendered":"<p>Los sectores productivos hoy en la Argentina afrontan tasas de tributaci\u00f3n impositiva de niveles confiscatorios; la m\u00e1s alta de Am\u00e9rica Latina seg\u00fan un informe del FMI (Fondo Monetario Internacional) si se suman los tres estamentos del Estado: Nacional, Provincial y Municipal.<span class=\"apple-converted-space\">\u00a0<\/span><\/p>\n<p>A esto se suma la reciente<span class=\"apple-converted-space\">\u00a0<\/span><b>modificaci\u00f3n del criterio de aplicabilidad del ajuste por inflaci\u00f3n<\/b><span class=\"apple-converted-space\">\u00a0<\/span>en los balances de las empresas, en la<span class=\"apple-converted-space\">\u00a0<\/span><strong>Ley de Impuesto a las Ganancias<\/strong>, que b\u00e1sicamente anula la aplicaci\u00f3n plena del<span class=\"apple-converted-space\">\u00a0<\/span><strong>ajuste y vuelve<\/strong><span class=\"apple-converted-space\"><b>\u00a0<\/b><\/span>al esquema de aplicaci\u00f3n por tercios.<span class=\"apple-converted-space\">\u00a0<\/span><\/p>\n<p>La modificaci\u00f3n del art\u00edculo 149 de la ley, dice que \u00abdeber\u00e1 imputarse un tercio (1\/3) en ese per\u00edodo fiscal y los restantes dos tercios (2\/3), en partes iguales, en los dos (2) per\u00edodos fiscales inmediatos siguientes\u00bb, de prosperar esto el pago de \u00abganancias por tenencia\u00bb y el \u00abpago por ganancias ficticias impulsadas por el guarismo inflacionario\u00bb se ver\u00e1n potenciados impactando de lleno negativamente en todo el espectro de los planteos productivos de la Argentina.<\/p>\n<p>En un pa\u00eds donde las urgencias se vuelven regla y no excepci\u00f3n;<span class=\"apple-converted-space\">\u00a0<\/span><b>ninguna empresa, ning\u00fan emprendedor, ning\u00fan productor puede invertir y crecer con semejantes niveles de tributaciones y la incertidumbre como dogma rector de los procesos productivos<\/b>.<span class=\"apple-converted-space\">\u00a0<\/span><\/p>\n<p><b>Esta modificaci\u00f3n actuar\u00e1 sobre las cadenas de la misma forma que lo har\u00eda una suba del porcentaje tributado<\/b>, esto<span class=\"apple-converted-space\">\u00a0<\/span><b>complicar\u00e1 la ya fr\u00e1gil situaci\u00f3n productiva; en un<\/b><span class=\"apple-converted-space\">\u00a0<\/span>contexto de<span class=\"apple-converted-space\">\u00a0<\/span><b>rentabilidades en los puntos de quiebre<\/b><span class=\"apple-converted-space\">\u00a0<\/span>para muchos sectores y a esto tenemos que sumar una<span class=\"apple-converted-space\">\u00a0<\/span><b>mayor tasa extractiva de impuestos<\/b>, es decir<span class=\"apple-converted-space\">\u00a0<\/span><b>menor producci\u00f3n<\/b>,<span class=\"apple-converted-space\">\u00a0<\/span><b>menor<\/b><span class=\"apple-converted-space\">\u00a0<\/span>capacidad de<span class=\"apple-converted-space\">\u00a0<\/span><b>reinversi\u00f3n<\/b><span class=\"apple-converted-space\">\u00a0<\/span><b>y nulo crecimiento<\/b><span class=\"apple-converted-space\">\u00a0<\/span>en forma inmediata.<span class=\"apple-converted-space\">\u00a0<\/span><\/p>\n<p><b>\u00abLas empresas crecen inversamente proporcional a los retiros que se haga de las mismas\u00bb.<span class=\"apple-converted-space\">\u00a0<\/span><\/b><\/p>\n<p><b>Esta es una ley de producci\u00f3n que nuestros legisladores parecen simplemente desconocer.\u00a0<\/b><\/p>\n","protected":false},"excerpt":{"rendered":"<p>Los sectores productivos hoy en la Argentina afrontan tasas de tributaci\u00f3n impositiva de niveles confiscatorios; la m\u00e1s alta de Am\u00e9rica Latina seg\u00fan un informe del FMI (Fondo Monetario Internacional) si se suman los tres estamentos del Estado: Nacional, Provincial y Municipal.\u00a0 A esto se suma la reciente\u00a0modificaci\u00f3n del criterio de aplicabilidad del ajuste por inflaci\u00f3n\u00a0en&hellip;<\/p>\n","protected":false},"author":2,"featured_media":484,"comment_status":"closed","ping_status":"closed","sticky":false,"template":"","format":"standard","meta":{"footnotes":""},"categories":[14],"tags":[],"class_list":["post-605","post","type-post","status-publish","format-standard","has-post-thumbnail","hentry","category-comunicados-de-prensa","category-14","description-off"],"_links":{"self":[{"href":"https:\/\/www.ruralpergamino.org.ar\/site\/wp-json\/wp\/v2\/posts\/605","targetHints":{"allow":["GET"]}}],"collection":[{"href":"https:\/\/www.ruralpergamino.org.ar\/site\/wp-json\/wp\/v2\/posts"}],"about":[{"href":"https:\/\/www.ruralpergamino.org.ar\/site\/wp-json\/wp\/v2\/types\/post"}],"author":[{"embeddable":true,"href":"https:\/\/www.ruralpergamino.org.ar\/site\/wp-json\/wp\/v2\/users\/2"}],"replies":[{"embeddable":true,"href":"https:\/\/www.ruralpergamino.org.ar\/site\/wp-json\/wp\/v2\/comments?post=605"}],"version-history":[{"count":1,"href":"https:\/\/www.ruralpergamino.org.ar\/site\/wp-json\/wp\/v2\/posts\/605\/revisions"}],"predecessor-version":[{"id":606,"href":"https:\/\/www.ruralpergamino.org.ar\/site\/wp-json\/wp\/v2\/posts\/605\/revisions\/606"}],"wp:featuredmedia":[{"embeddable":true,"href":"https:\/\/www.ruralpergamino.org.ar\/site\/wp-json\/wp\/v2\/media\/484"}],"wp:attachment":[{"href":"https:\/\/www.ruralpergamino.org.ar\/site\/wp-json\/wp\/v2\/media?parent=605"}],"wp:term":[{"taxonomy":"category","embeddable":true,"href":"https:\/\/www.ruralpergamino.org.ar\/site\/wp-json\/wp\/v2\/categories?post=605"},{"taxonomy":"post_tag","embeddable":true,"href":"https:\/\/www.ruralpergamino.org.ar\/site\/wp-json\/wp\/v2\/tags?post=605"}],"curies":[{"name":"wp","href":"https:\/\/api.w.org\/{rel}","templated":true}]}}