{"id":607,"date":"2021-10-16T00:52:38","date_gmt":"2021-10-16T00:52:38","guid":{"rendered":"https:\/\/www.ruralpergamino.org.ar\/site\/?p=607"},"modified":"2022-07-14T01:39:59","modified_gmt":"2022-07-14T01:39:59","slug":"la-inseguridad-rural-no-da-para-mas","status":"publish","type":"post","link":"https:\/\/www.ruralpergamino.org.ar\/site\/la-inseguridad-rural-no-da-para-mas\/","title":{"rendered":"La inseguridad rural no da para m\u00e1s"},"content":{"rendered":"<p>Hoy nos enteramos que en Santiago del Estero al presidente de la FAAS (Federaci\u00f3n de Asociaciones Agropecuarias Santiague\u00f1as) le entraron a robar a su casa y lo maniataron m\u00e1s de una hora.<\/p>\n<p>Jos\u00e9 Ferreiro viene reclamando con vehemencia por varios motivos dentro de su provincia, en defensa de los productores de su regi\u00f3n.<\/p>\n<p>Desde CRA sostenemos posiciones p\u00fablicas y lo hacemos desde lo m\u00e1s profundo de nuestras convicciones y con las razones que lo avalan, por ello nuestra solidaridad con nuestro presidente de la FAAS, Jos\u00e9 Ferreiro.<\/p>\n<p>Queremos vivir en democracia y expresarnos con libertad, sin aprietes, sin violencia y con justicia, hoy la v\u00edctima es Jos\u00e9 Ferreiro, si el gobierno no act\u00faa, ma\u00f1ana seremos todos.<\/p>\n<p>Confederaciones Rurales Argentinas est\u00e1 reclamando por la inseguridad y la gente que vive en el campo.<\/p>\n<p>Fuente: CRA<\/p>\n","protected":false},"excerpt":{"rendered":"<p>Hoy nos enteramos que en Santiago del Estero al presidente de la FAAS (Federaci\u00f3n de Asociaciones Agropecuarias Santiague\u00f1as) le entraron a robar a su casa y lo maniataron m\u00e1s de una hora. Jos\u00e9 Ferreiro viene reclamando con vehemencia por varios motivos dentro de su provincia, en defensa de los productores de su regi\u00f3n. Desde CRA&hellip;<\/p>\n","protected":false},"author":2,"featured_media":484,"comment_status":"closed","ping_status":"closed","sticky":false,"template":"","format":"standard","meta":{"footnotes":""},"categories":[14],"tags":[],"class_list":["post-607","post","type-post","status-publish","format-standard","has-post-thumbnail","hentry","category-comunicados-de-prensa","category-14","description-off"],"_links":{"self":[{"href":"https:\/\/www.ruralpergamino.org.ar\/site\/wp-json\/wp\/v2\/posts\/607","targetHints":{"allow":["GET"]}}],"collection":[{"href":"https:\/\/www.ruralpergamino.org.ar\/site\/wp-json\/wp\/v2\/posts"}],"about":[{"href":"https:\/\/www.ruralpergamino.org.ar\/site\/wp-json\/wp\/v2\/types\/post"}],"author":[{"embeddable":true,"href":"https:\/\/www.ruralpergamino.org.ar\/site\/wp-json\/wp\/v2\/users\/2"}],"replies":[{"embeddable":true,"href":"https:\/\/www.ruralpergamino.org.ar\/site\/wp-json\/wp\/v2\/comments?post=607"}],"version-history":[{"count":1,"href":"https:\/\/www.ruralpergamino.org.ar\/site\/wp-json\/wp\/v2\/posts\/607\/revisions"}],"predecessor-version":[{"id":608,"href":"https:\/\/www.ruralpergamino.org.ar\/site\/wp-json\/wp\/v2\/posts\/607\/revisions\/608"}],"wp:featuredmedia":[{"embeddable":true,"href":"https:\/\/www.ruralpergamino.org.ar\/site\/wp-json\/wp\/v2\/media\/484"}],"wp:attachment":[{"href":"https:\/\/www.ruralpergamino.org.ar\/site\/wp-json\/wp\/v2\/media?parent=607"}],"wp:term":[{"taxonomy":"category","embeddable":true,"href":"https:\/\/www.ruralpergamino.org.ar\/site\/wp-json\/wp\/v2\/categories?post=607"},{"taxonomy":"post_tag","embeddable":true,"href":"https:\/\/www.ruralpergamino.org.ar\/site\/wp-json\/wp\/v2\/tags?post=607"}],"curies":[{"name":"wp","href":"https:\/\/api.w.org\/{rel}","templated":true}]}}