{"id":615,"date":"2021-04-15T01:21:30","date_gmt":"2021-04-15T01:21:30","guid":{"rendered":"https:\/\/www.ruralpergamino.org.ar\/site\/?p=615"},"modified":"2022-07-14T01:42:24","modified_gmt":"2022-07-14T01:42:24","slug":"la-pobreza-nos-interpela-mientras-la-politica-esta-divorciada-de-los-temas-que-le-importan-a-la-sociedad","status":"publish","type":"post","link":"https:\/\/www.ruralpergamino.org.ar\/site\/la-pobreza-nos-interpela-mientras-la-politica-esta-divorciada-de-los-temas-que-le-importan-a-la-sociedad\/","title":{"rendered":"La pobreza nos interpela mientras la pol\u00edtica est\u00e1 divorciada de los temas que le importan a la sociedad"},"content":{"rendered":"<p class=\"p1\">Comunicado de CRA.<\/p>\n<p class=\"p1\">Hace apenas, unos pocos d\u00edas, se difundieron de manera oficial las cifras de pobreza e indigencia, las mismas muestran de manera evidente el colapso social que atraviesa nuestro pa\u00eds.<\/p>\n<p class=\"p1\">Sin embargo, pareciera que existe entre nosotros el acostumbramiento a recibir tan lacerantes n\u00fameros, como una muestra m\u00e1s del agotador resumen de cada d\u00eda en la que las cifras de infectados y muertos por Covid, engrosan estad\u00edsticas y se confunden o con otros n\u00fameros, cifras y anuncios igualmente desmoralizantes. Nos preocupa lo que \u00abme pasa\u00bb sin importar lo que le sucede al pr\u00f3jimo.<\/p>\n<p class=\"p1\">Esa pobreza, nos debe interpelar a todos, sin exclusi\u00f3n, aunque claro est\u00e1, los niveles de responsabilidad son muy distintos. En este sentido, resulta incre\u00edble ver como la clase pol\u00edtica \u2013 divorciada hace tiempo de los temas que le importan a la sociedad \u2013 se incomoda fr\u00edvolamente frente al tema y lo ataca solamente en un imp\u00fadico intercambio de responsabilidades sobre hechos pasados. Nadie a su tiempo asume su cuota de responsabilidad como si el problema siempre fuera de otro.\u00a0<b>Es m\u00e1s, averg\u00fcenza ver como en lugar de trabajar toda la dirigencia pol\u00edtica conjuntamente para dar soluci\u00f3n a estos temas que aquejan a la sociedad, discuten frente a una pr\u00f3xima elecci\u00f3n, sobre su inserci\u00f3n en las listas y trapichea, seg\u00fan su conveniencia pol\u00edtica, su pr\u00f3ximo destino electoral, indiferente ante la Naci\u00f3n que se sumerge en la pobreza y desesperanza.<\/b>\u00a0<b>Paradojalmente con la mayor presi\u00f3n impositiva de la historia, tenemos el mayor porcentual de pobres de nuestra vida institucional.<\/b><\/p>\n<p class=\"p1\"><b>No podemos tratar a la pobreza como un n\u00famero, es una obligaci\u00f3n moral, encontrar un proyecto com\u00fan que se fije derrotarla, en un programa integral de mediano plazo, firmado por todos los partidos pol\u00edticos<\/b>\u00a0y con el control de ejecuci\u00f3n de la sociedad, esto es un imperativo y tambi\u00e9n una urgencia, lo dem\u00e1s es distracci\u00f3n, politiquer\u00eda y ausencia de solidaridad con nuestro pr\u00f3jimo.<\/p>\n<p class=\"p1\">Desde la recuperaci\u00f3n de la democracia, no hemos podido construir una econom\u00eda que nos contenga a todos, que brinde oportunidades reales de desarrollo y que permita al trabajo ser el motor del desarrollo inclusivo.<\/p>\n<p class=\"p1\">Ninguna persona es un n\u00famero perdido entre otros tantos n\u00fameros, son nuestros hermanos, en un pa\u00eds con capacidad para producir y alimentar a todos quienes lo habiten, solo se necesita un sinceramiento pol\u00edtico y la grandeza moral de trabajar sin ego\u00edsmo por el bien com\u00fan.<\/p>\n<p class=\"p1\">El Papa Francisco en su mensaje \u00a8Tiende tu Mano al Pobre (IV Jornada Mundial de los Pobres), nos implora: \u00abEs verdad que est\u00e1 siempre presente la maldad y la violencia, el abuso y la corrupci\u00f3n, pero la vida est\u00e1 entretejida de actos de respeto y generosidad que no s\u00f3lo compensan el mal, sino que nos empujan a ir m\u00e1s all\u00e1 y a estar llenos de esperanza\u00bb. \u00abTiende la mano al pobre\u00bb es, por lo tanto, una invitaci\u00f3n a la responsabilidad y un compromiso directo de todos aquellos que se sienten parte del mismo destino.<\/p>\n<p class=\"p1\">Desde CRA instamos a trabajar en la b\u00fasqueda de ese destino com\u00fan, sin pobreza.<\/p>\n<p class=\"p3\">Fuente: CRA<\/p>\n","protected":false},"excerpt":{"rendered":"<p>Comunicado de CRA. Hace apenas, unos pocos d\u00edas, se difundieron de manera oficial las cifras de pobreza e indigencia, las mismas muestran de manera evidente el colapso social que atraviesa nuestro pa\u00eds. Sin embargo, pareciera que existe entre nosotros el acostumbramiento a recibir tan lacerantes n\u00fameros, como una muestra m\u00e1s del agotador resumen de cada&hellip;<\/p>\n","protected":false},"author":2,"featured_media":484,"comment_status":"closed","ping_status":"closed","sticky":false,"template":"","format":"standard","meta":{"footnotes":""},"categories":[14],"tags":[],"class_list":["post-615","post","type-post","status-publish","format-standard","has-post-thumbnail","hentry","category-comunicados-de-prensa","category-14","description-off"],"_links":{"self":[{"href":"https:\/\/www.ruralpergamino.org.ar\/site\/wp-json\/wp\/v2\/posts\/615","targetHints":{"allow":["GET"]}}],"collection":[{"href":"https:\/\/www.ruralpergamino.org.ar\/site\/wp-json\/wp\/v2\/posts"}],"about":[{"href":"https:\/\/www.ruralpergamino.org.ar\/site\/wp-json\/wp\/v2\/types\/post"}],"author":[{"embeddable":true,"href":"https:\/\/www.ruralpergamino.org.ar\/site\/wp-json\/wp\/v2\/users\/2"}],"replies":[{"embeddable":true,"href":"https:\/\/www.ruralpergamino.org.ar\/site\/wp-json\/wp\/v2\/comments?post=615"}],"version-history":[{"count":1,"href":"https:\/\/www.ruralpergamino.org.ar\/site\/wp-json\/wp\/v2\/posts\/615\/revisions"}],"predecessor-version":[{"id":616,"href":"https:\/\/www.ruralpergamino.org.ar\/site\/wp-json\/wp\/v2\/posts\/615\/revisions\/616"}],"wp:featuredmedia":[{"embeddable":true,"href":"https:\/\/www.ruralpergamino.org.ar\/site\/wp-json\/wp\/v2\/media\/484"}],"wp:attachment":[{"href":"https:\/\/www.ruralpergamino.org.ar\/site\/wp-json\/wp\/v2\/media?parent=615"}],"wp:term":[{"taxonomy":"category","embeddable":true,"href":"https:\/\/www.ruralpergamino.org.ar\/site\/wp-json\/wp\/v2\/categories?post=615"},{"taxonomy":"post_tag","embeddable":true,"href":"https:\/\/www.ruralpergamino.org.ar\/site\/wp-json\/wp\/v2\/tags?post=615"}],"curies":[{"name":"wp","href":"https:\/\/api.w.org\/{rel}","templated":true}]}}