{"id":617,"date":"2021-03-19T01:23:13","date_gmt":"2021-03-19T01:23:13","guid":{"rendered":"https:\/\/www.ruralpergamino.org.ar\/site\/?p=617"},"modified":"2022-07-14T01:42:31","modified_gmt":"2022-07-14T01:42:31","slug":"pandemia-fiscal","status":"publish","type":"post","link":"https:\/\/www.ruralpergamino.org.ar\/site\/pandemia-fiscal\/","title":{"rendered":"Pandemia Fiscal"},"content":{"rendered":"<p>Una y otra vez en forma recurrente las alarmas suenan en los sectores productivos del pa\u00eds, y es que no solo el contexto de pandemia, las ca\u00eddas en las ventas, la l\u00ednea de producci\u00f3n con protocolos, la menor dotaci\u00f3n de personal, las restricciones a las importaciones, la falta de insumos productivos, la inflaci\u00f3n, los controles de precios, el exceso de burocracia normativa sin sentido, la confiscatoria presi\u00f3n fiscal sobre los trabajadores, productores y empresas, afectan a cada eslab\u00f3n y cada cadena productiva del pa\u00eds.<\/p>\n<p>Si no tambi\u00e9n se suma la falta de se\u00f1ales claras, funcionarios que despliegan su ideolog\u00eda, cuya sem\u00e1ntica se muestra carente de sustento, veracidad y vac\u00eda de contenidos, que no tienen idea de c\u00f3mo se genera valor en las cadenas productivas, \u00abesto es producci\u00f3n se\u00f1ores, no sarasa\u00bb.<\/p>\n<p>Las cadenas productivas nuevamente nos encontramos en alerta, frente a la incapacidad de solucionar los temas estructurales de nuestros gobernantes; el desconocimiento, la aplicaci\u00f3n de viejas recetas poco estudiadas, con grandes falencias t\u00e9cnicas siempre basadas en un objetivo meramente sem\u00e1ntico buscado por todos y con el que sin dudas todos estaremos por s\u00ed solo de acuerdo, camuflando la poca impronta intelectual, la falta idoneidad o de decisi\u00f3n en la b\u00fasqueda de soluciones sostenibles en el tiempo, se repiten errores pensando que la reedici\u00f3n de los mismos esta vez tendr\u00e1 resultados diferentes.<\/p>\n<p>Propuestas como la del incremento del impuesto a las Ganancias con un aumento de al\u00edcuota al 40% sin reducir ninguna otra de las tributaciones existentes, y vigentes, es una clara ignorancia de c\u00f3mo se genera valor desde las cadenas productivas de la Rep\u00fablica Argentina.<\/p>\n<p>Se\u00f1ores, en una cadena no hay m\u00e1s dinero para repartir en cada eslab\u00f3n, que el que un consumidor final paga por un bien o servicio, la componente impositiva crece constantemente canibalizando participaci\u00f3n dentro de ese precio final, los resultados est\u00e1n a la vista: el consumidor paga m\u00e1s caro por lo que compra y los eslabones se encuentran sin resultado para sostener ya no procesos de crecimiento productivo, sino simplemente para mantenerse en producci\u00f3n.<\/p>\n<p>Seg\u00fan un informe del FMI (Fondo Monetario Internacional) Argentina posee la mayor carga tributaria de Am\u00e9rica Latina con el 58%, si se suman los tres estamentos del Estado: Nacional, Provincial y Municipal.<\/p>\n<p>Un informe del Banco Mundial expresaba que la presi\u00f3n impositiva en la Argentina era la segunda a nivel global. M\u00e1s all\u00e1 de los informes, lo cierto es que en un pa\u00eds donde hay m\u00e1s de 169 tipos de tributaciones distintas y 35.000 normativas, sumado a que 14 impuestos se crearon o aumentaron en el \u00faltimo a\u00f1o, se generan toda clase de distorsiones desde impuestos en cascada como el de Ingresos Brutos, pasando por superposiciones impositivas como la del impuesto al cheque (pagas un impuesto por pagar impuestos), hasta la falta de ajuste inflacionario en el impuesto a las Ganancias, y ahora con riesgo de sumar m\u00e1s presi\u00f3n fiscal, a una mochila a un bolsillo que ya no da m\u00e1s.<\/p>\n<p>Esta es una de las razones por las cuales hace m\u00e1s de una d\u00e9cada que no crecemos. Dicen que la experiencia es solo experiencia si se aprende de ella, Argentina choca una y otra vez con la misma piedra, o mejor dicho sigue lastrando la mochila del Estado afectando de todas las actividades productivas y no es cierto que el Estado se esfuerce porque lo que se esfuerza es la espalda productiva del pa\u00eds y no la mochila.<\/p>\n<p>Argentina tiene una tasa de mortalidad de pymes alt\u00edsima y la duraci\u00f3n promedio de las mismas es de tres a\u00f1os, las estad\u00edsticas rubrican que la presi\u00f3n impositiva y los altos costos laborales debido a los impuestos al trabajo pican en punta como los motivos principales.<\/p>\n<p>Hoy el 77% del ingreso del productor termina en manos del Estado, con el 23% restante el productor debe pagar todos los costos de producci\u00f3n, vivir y reinvertir.<\/p>\n<p>Las empresas crecen inversamente proporcional a los retiros (Impuestos en este caso) que se hagan de la misma, la alta carga impositiva reduce beneficios y deja menor capital para reinversi\u00f3n productiva, quita capacidad de buffer frente a situaciones adversas como sequ\u00edas, inundaciones e incendios, se afecta la resiliencia del productor en una industria que es a cielo abierto, esto genera desincentivos productivos, una pauperizaci\u00f3n de la producci\u00f3n y por \u00faltimo el abandono y la salida del sector de ese productor.<\/p>\n<p>Nuestros representantes muy lejos de generar los mecanismos adecuados por parte del Estado, y una participaci\u00f3n virtuosa del mismo, recurren a recetas de probada improductividad en base a las urgencias de las necesidades de financiamiento no se toman en cuenta como es el mecanismo de generaci\u00f3n agregado de valor, en Argentina lo urgente se vuelve constante pero los problemas de fondo nunca se solucionan.<\/p>\n<p>Para un productor, un empresario pyme, un trabajador, que ponen en juego constantemente no solo su capital, sino tambi\u00e9n su esfuerzo, su tiempo; con la esperanza de mejorar y mejorar a su entorno, y si se equivoca responde con ese capital (que no es solo dinero, sino tambi\u00e9n tiempo de vida), es muy dif\u00edcil entender la incomprensi\u00f3n de aquellos que tienen que velar por el desarrollo productivo del pa\u00eds, con intervenciones virtuosas y no viciosas.<\/p>\n<p>Si este proyecto de aumento avanza, el resultado ser\u00e1 inequ\u00edvoco, las empresas tendr\u00e1n que entrar en un esquema defensivo para poder sobrevivir, no tendr\u00e1n recursos para crecimiento ni para resiliencia y solo ser\u00e1 cuesti\u00f3n de tiempo para que las mismas engrosen las estad\u00edsticas funerarias de las pymes argentinas, de esta manera, que la producci\u00f3n argentina que en paz descanse.<\/p>\n<p>Fuente: CRA<\/p>\n","protected":false},"excerpt":{"rendered":"<p>Una y otra vez en forma recurrente las alarmas suenan en los sectores productivos del pa\u00eds, y es que no solo el contexto de pandemia, las ca\u00eddas en las ventas, la l\u00ednea de producci\u00f3n con protocolos, la menor dotaci\u00f3n de personal, las restricciones a las importaciones, la falta de insumos productivos, la inflaci\u00f3n, los controles&hellip;<\/p>\n","protected":false},"author":2,"featured_media":484,"comment_status":"closed","ping_status":"closed","sticky":false,"template":"","format":"standard","meta":{"footnotes":""},"categories":[14],"tags":[],"class_list":["post-617","post","type-post","status-publish","format-standard","has-post-thumbnail","hentry","category-comunicados-de-prensa","category-14","description-off"],"_links":{"self":[{"href":"https:\/\/www.ruralpergamino.org.ar\/site\/wp-json\/wp\/v2\/posts\/617","targetHints":{"allow":["GET"]}}],"collection":[{"href":"https:\/\/www.ruralpergamino.org.ar\/site\/wp-json\/wp\/v2\/posts"}],"about":[{"href":"https:\/\/www.ruralpergamino.org.ar\/site\/wp-json\/wp\/v2\/types\/post"}],"author":[{"embeddable":true,"href":"https:\/\/www.ruralpergamino.org.ar\/site\/wp-json\/wp\/v2\/users\/2"}],"replies":[{"embeddable":true,"href":"https:\/\/www.ruralpergamino.org.ar\/site\/wp-json\/wp\/v2\/comments?post=617"}],"version-history":[{"count":1,"href":"https:\/\/www.ruralpergamino.org.ar\/site\/wp-json\/wp\/v2\/posts\/617\/revisions"}],"predecessor-version":[{"id":618,"href":"https:\/\/www.ruralpergamino.org.ar\/site\/wp-json\/wp\/v2\/posts\/617\/revisions\/618"}],"wp:featuredmedia":[{"embeddable":true,"href":"https:\/\/www.ruralpergamino.org.ar\/site\/wp-json\/wp\/v2\/media\/484"}],"wp:attachment":[{"href":"https:\/\/www.ruralpergamino.org.ar\/site\/wp-json\/wp\/v2\/media?parent=617"}],"wp:term":[{"taxonomy":"category","embeddable":true,"href":"https:\/\/www.ruralpergamino.org.ar\/site\/wp-json\/wp\/v2\/categories?post=617"},{"taxonomy":"post_tag","embeddable":true,"href":"https:\/\/www.ruralpergamino.org.ar\/site\/wp-json\/wp\/v2\/tags?post=617"}],"curies":[{"name":"wp","href":"https:\/\/api.w.org\/{rel}","templated":true}]}}