{"id":650,"date":"2021-05-03T02:51:24","date_gmt":"2021-05-03T02:51:24","guid":{"rendered":"https:\/\/www.ruralpergamino.org.ar\/site\/?p=650"},"modified":"2022-07-14T02:51:53","modified_gmt":"2022-07-14T02:51:53","slug":"hasta-siempre-martin","status":"publish","type":"post","link":"https:\/\/www.ruralpergamino.org.ar\/site\/hasta-siempre-martin\/","title":{"rendered":"\u00a1Hasta Siempre Mart\u00edn!"},"content":{"rendered":"<div class=\"\" data-block=\"true\" data-editor=\"bi9du\" data-offset-key=\"fofm8-0-0\">\n<div class=\"_1mf _1mj\" data-offset-key=\"fofm8-0-0\"><span data-offset-key=\"fofm8-0-0\">Quienes formamos parte de la Instituci\u00f3n, acompa\u00f1amos a toda su familia en estos momentos y rogamos una oraci\u00f3n en memoria de nuestro gran amigo, que estar\u00e1 por siempre entre nosotros.<\/span><\/div>\n<div data-offset-key=\"fofm8-0-0\">\n<div class=\"\" data-block=\"true\" data-editor=\"bi9du\" data-offset-key=\"2vk6n-0-0\">\n<div data-offset-key=\"2vk6n-0-0\"><\/div>\n<div class=\"_1mf _1mj\" data-offset-key=\"2vk6n-0-0\"><span data-offset-key=\"2vk6n-2-0\">A continuaci\u00f3n, compartimos unas palabras de nuestro presidente ante la dolorosa p\u00e9rdida de nuestro querido amigo Mart\u00edn Biscayart.<\/span><\/div>\n<\/div>\n<div class=\"\" data-block=\"true\" data-editor=\"bi9du\" data-offset-key=\"fofm8-0-0\">\n<div class=\"_1mf _1mj\" data-offset-key=\"fofm8-0-0\"><\/div>\n<\/div>\n<\/div>\n<\/div>\n<p>Querido Mart\u00edn:<\/p>\n<p>Desde las largas charlas en la \u201cVete\u201d, compartiendo ideas de c\u00f3mo hacer estimaciones exactas de oferta forrajera que jam\u00e1s se plasmaron, te conozco y aprecio.<br \/>\nTu solemnidad frente a mi forma de ser ante la gente, uno formal otro irreverente, hubiese indicado una relaci\u00f3n distante, pero ha sido todo lo contrario, fuiste un gran cr\u00edtico y a la vez, un gran alabador seg\u00fan el caso.<br \/>\nEterno participe en cuanta comisi\u00f3n se formare en Pergamino, diste gran parte de tu tiempo para nuestra comunidad y habr\u00e1s tenido que tolerar propuestas diametralmente opuestas a tu raz\u00f3n, no obstante, a nadie diste la espalda.<br \/>\nDestacaremos siempre tu paso como presidente de la Sociedad Rural de Pergamino y miembro permanente de nuestra Comisi\u00f3n. Tu representaci\u00f3n ante las organizaciones, como siempre, ha sido impecable.<br \/>\nPara tocar un tema importante en La Rural siempre fuiste el consultor honorario, seguramente bien ganado el respeto.<br \/>\nTu primera observaci\u00f3n cuando asum\u00ed esta gesti\u00f3n fue preguntarme y plantear a qu\u00e9 tipo de productor defender\u00edamos en estos tiempos tan complicados; te contest\u00e9: a la mayor cantidad y diversidad que pueda, tu sonrisa leve y un ligero brillar de ojos indicaron la tan esperada aprobaci\u00f3n.<br \/>\nAhora ser\u00e1 tu tiempo de descanso, con el alivio de la tarea cumplida ante la familia, los amigos, las instituciones y la comunidad.<br \/>\nSeguramente nuestras oraciones te acompa\u00f1en en tu nueva morada.<\/p>\n<p>Jorge Josifovich<\/p>\n<p>Presidente<\/p>\n","protected":false},"excerpt":{"rendered":"<p>Quienes formamos parte de la Instituci\u00f3n, acompa\u00f1amos a toda su familia en estos momentos y rogamos una oraci\u00f3n en memoria de nuestro gran amigo, que estar\u00e1 por siempre entre nosotros. A continuaci\u00f3n, compartimos unas palabras de nuestro presidente ante la dolorosa p\u00e9rdida de nuestro querido amigo Mart\u00edn Biscayart. Querido Mart\u00edn: Desde las largas charlas en&hellip;<\/p>\n","protected":false},"author":2,"featured_media":651,"comment_status":"closed","ping_status":"closed","sticky":false,"template":"","format":"standard","meta":{"footnotes":""},"categories":[10],"tags":[],"class_list":["post-650","post","type-post","status-publish","format-standard","has-post-thumbnail","hentry","category-novedades-institucionales","category-10","description-off"],"_links":{"self":[{"href":"https:\/\/www.ruralpergamino.org.ar\/site\/wp-json\/wp\/v2\/posts\/650","targetHints":{"allow":["GET"]}}],"collection":[{"href":"https:\/\/www.ruralpergamino.org.ar\/site\/wp-json\/wp\/v2\/posts"}],"about":[{"href":"https:\/\/www.ruralpergamino.org.ar\/site\/wp-json\/wp\/v2\/types\/post"}],"author":[{"embeddable":true,"href":"https:\/\/www.ruralpergamino.org.ar\/site\/wp-json\/wp\/v2\/users\/2"}],"replies":[{"embeddable":true,"href":"https:\/\/www.ruralpergamino.org.ar\/site\/wp-json\/wp\/v2\/comments?post=650"}],"version-history":[{"count":1,"href":"https:\/\/www.ruralpergamino.org.ar\/site\/wp-json\/wp\/v2\/posts\/650\/revisions"}],"predecessor-version":[{"id":652,"href":"https:\/\/www.ruralpergamino.org.ar\/site\/wp-json\/wp\/v2\/posts\/650\/revisions\/652"}],"wp:featuredmedia":[{"embeddable":true,"href":"https:\/\/www.ruralpergamino.org.ar\/site\/wp-json\/wp\/v2\/media\/651"}],"wp:attachment":[{"href":"https:\/\/www.ruralpergamino.org.ar\/site\/wp-json\/wp\/v2\/media?parent=650"}],"wp:term":[{"taxonomy":"category","embeddable":true,"href":"https:\/\/www.ruralpergamino.org.ar\/site\/wp-json\/wp\/v2\/categories?post=650"},{"taxonomy":"post_tag","embeddable":true,"href":"https:\/\/www.ruralpergamino.org.ar\/site\/wp-json\/wp\/v2\/tags?post=650"}],"curies":[{"name":"wp","href":"https:\/\/api.w.org\/{rel}","templated":true}]}}