{"id":669,"date":"2018-01-05T04:43:50","date_gmt":"2018-01-05T04:43:50","guid":{"rendered":"https:\/\/www.ruralpergamino.org.ar\/site\/?p=669"},"modified":"2022-07-14T04:45:43","modified_gmt":"2022-07-14T04:45:43","slug":"genaro-sidotti-es-el-nuevo-presidente-del-ateneo-juvenil","status":"publish","type":"post","link":"https:\/\/www.ruralpergamino.org.ar\/site\/genaro-sidotti-es-el-nuevo-presidente-del-ateneo-juvenil\/","title":{"rendered":"Genaro Sidotti es el nuevo presidente del Ateneo Juvenil"},"content":{"rendered":"<p>Formado en el a\u00f1o 2012, el Ateneo logr\u00f3 consolidar su pilar joven de la Instituci\u00f3n.<\/p>\n<p>La Sociedad Rural de Pergamino comunica que el Ateneo Juvenil de la entidad, ha designado el pasado 30 de diciembre en su Asamblea Ordinaria, una nueva Comisi\u00f3n Directiva conformada por:<\/p>\n<p><strong>Presidente:<\/strong>\u00a0Genaro Sidotti<br \/>\n<strong>Vicepresidente:<\/strong>\u00a0Facundo Servino<br \/>\n<strong>Secretario:<\/strong>\u00a0Gonzalo Bianco<br \/>\n<strong>Prosecretario:<\/strong>\u00a0Macarena Calder\u00f3n<br \/>\n<strong>Tesorero:<\/strong>\u00a0Marcos Carnevale<br \/>\n<strong>Protesorero:<\/strong>\u00a0Facundo Cerminara<br \/>\n<strong>Delegado Zonal:<\/strong>\u00a0Fernando Morales<br \/>\n<strong>Vocales:<\/strong>\u00a0Guadalupe Seta, Ignacio Villaverde<br \/>\n<strong>Revisores de Cuenta:<\/strong>\u00a0Franco Clavijo, Lucas Draghi<\/p>\n<p>Genaro asume su Presidencia continuando a su antecesora Macarena Calder\u00f3n, quien supo continuar trabajando no s\u00f3lo en lo gremial, sino tambi\u00e9n, promoviendo el compromiso social y la solidaridad de los j\u00f3venes atene\u00edstas.<\/p>\n<p>\u201cLos j\u00f3venes son el pilar y la proyecci\u00f3n de las entidades y las instituciones en el futuro, de ah\u00ed la importancia de formar y hacer participar a las nuevas generaciones\u201d. \u201cAc\u00e1, se les ense\u00f1a a compartir, se los capacita en temas relacionados al sector agropecuario, realizan actividades ben\u00e9ficas para la comunidad e intercambian experiencias con otros atene\u00edstas del pa\u00eds, a fin de defender la producci\u00f3n y que tomen el compromiso de construir entre todos un modelo de pa\u00eds basado en la producci\u00f3n agroindustrial, inclusivo y federal, que nos permita lograr la Argentina que todos so\u00f1amos\u201d remarcaron en la Instituci\u00f3n.<\/p>\n<p>Asimismo, invitan a todos aquellos interesados en sumarse, que se acerquen a conocer m\u00e1s acerca del grupo y sus actividades, enviando un correo a: ateneopergamino@gmail.com o llamando al 423761.<\/p>\n","protected":false},"excerpt":{"rendered":"<p>Formado en el a\u00f1o 2012, el Ateneo logr\u00f3 consolidar su pilar joven de la Instituci\u00f3n. La Sociedad Rural de Pergamino comunica que el Ateneo Juvenil de la entidad, ha designado el pasado 30 de diciembre en su Asamblea Ordinaria, una nueva Comisi\u00f3n Directiva conformada por: Presidente:\u00a0Genaro Sidotti Vicepresidente:\u00a0Facundo Servino Secretario:\u00a0Gonzalo Bianco Prosecretario:\u00a0Macarena Calder\u00f3n Tesorero:\u00a0Marcos Carnevale&hellip;<\/p>\n","protected":false},"author":2,"featured_media":670,"comment_status":"closed","ping_status":"closed","sticky":false,"template":"","format":"standard","meta":{"footnotes":""},"categories":[5],"tags":[],"class_list":["post-669","post","type-post","status-publish","format-standard","has-post-thumbnail","hentry","category-ateneo-juvenil","category-5","description-off"],"_links":{"self":[{"href":"https:\/\/www.ruralpergamino.org.ar\/site\/wp-json\/wp\/v2\/posts\/669","targetHints":{"allow":["GET"]}}],"collection":[{"href":"https:\/\/www.ruralpergamino.org.ar\/site\/wp-json\/wp\/v2\/posts"}],"about":[{"href":"https:\/\/www.ruralpergamino.org.ar\/site\/wp-json\/wp\/v2\/types\/post"}],"author":[{"embeddable":true,"href":"https:\/\/www.ruralpergamino.org.ar\/site\/wp-json\/wp\/v2\/users\/2"}],"replies":[{"embeddable":true,"href":"https:\/\/www.ruralpergamino.org.ar\/site\/wp-json\/wp\/v2\/comments?post=669"}],"version-history":[{"count":1,"href":"https:\/\/www.ruralpergamino.org.ar\/site\/wp-json\/wp\/v2\/posts\/669\/revisions"}],"predecessor-version":[{"id":671,"href":"https:\/\/www.ruralpergamino.org.ar\/site\/wp-json\/wp\/v2\/posts\/669\/revisions\/671"}],"wp:featuredmedia":[{"embeddable":true,"href":"https:\/\/www.ruralpergamino.org.ar\/site\/wp-json\/wp\/v2\/media\/670"}],"wp:attachment":[{"href":"https:\/\/www.ruralpergamino.org.ar\/site\/wp-json\/wp\/v2\/media?parent=669"}],"wp:term":[{"taxonomy":"category","embeddable":true,"href":"https:\/\/www.ruralpergamino.org.ar\/site\/wp-json\/wp\/v2\/categories?post=669"},{"taxonomy":"post_tag","embeddable":true,"href":"https:\/\/www.ruralpergamino.org.ar\/site\/wp-json\/wp\/v2\/tags?post=669"}],"curies":[{"name":"wp","href":"https:\/\/api.w.org\/{rel}","templated":true}]}}