{"id":803,"date":"2019-07-19T01:19:24","date_gmt":"2019-07-19T01:19:24","guid":{"rendered":"https:\/\/www.ruralpergamino.org.ar\/site\/?p=803"},"modified":"2022-07-16T01:25:39","modified_gmt":"2022-07-16T01:25:39","slug":"en-el-marco-de-la-81o-expo-rural-pergamino-se-lanza-la-8o-edicion-del-concurso-fotografico","status":"publish","type":"post","link":"https:\/\/www.ruralpergamino.org.ar\/site\/en-el-marco-de-la-81o-expo-rural-pergamino-se-lanza-la-8o-edicion-del-concurso-fotografico\/","title":{"rendered":"En el marco de la 81\u00ba Expo Rural Pergamino, se lanza la 8\u00ba edici\u00f3n del Concurso Fotogr\u00e1fico"},"content":{"rendered":"<p>Titulado \u201cNuestro Campo\u201d, la tem\u00e1tica versar\u00e1 sobre el espacio rural de nuestra zona en su conjunto.<\/p>\n<p>La Sociedad Rural de Pergamino presenta, en el marco de la 81\u00ba edici\u00f3n de la Expo Rural, que se llevar\u00e1 a cabo del 4 al 8 de septiembre en el predio de la entidad, la 8\u00ba edici\u00f3n del Concurso Fotogr\u00e1fico. Titulado \u201cNuestro Campo\u201d, buscar\u00e1 reflejar el espacio rural, tan propio del Partido de Pergamino y su gente.<br \/>\nA trav\u00e9s del Concurso, la entidad busca reforzar el trabajo que viene llevando a cabo desde su dirigencia: la integraci\u00f3n con la comunidad, plasmar en im\u00e1genes el espacio rural en el Partido de Pergamino: caracter\u00edsticas rurales, el hombre de campo, actividades, costumbres, personajes, identidad, animales, paisaje.<\/p>\n<p>Las obras presentadas se expondr\u00e1n durante la Muestra, donde tambi\u00e9n se realizar\u00e1 la entrega de premios. Lo especial para los ganadores es que las mejores 12 obras formar\u00e1n parte del calendario institucional de la Sociedad Rural de Pergamino en el 2020. Los interesados en participar tienen tiempo de presentar las fotograf\u00edas hasta el 28 de agosto y las bases y condiciones est\u00e1n disponibles en la p\u00e1gina de la Rural.<\/p>\n<p>Por otro lado y como el slogan de esta edici\u00f3n lo indica \u201cun buen encuentro\u201d, ya se est\u00e1n preparando todos los entretenimientos. En el marco de los contenidos del sector, se abrieron las inscripciones para la Exposici\u00f3n de Ganader\u00eda y Avicunicultura (cierran el 16 de agosto). La muestra ganadera estar\u00e1 auspiciada por la Asociaci\u00f3n de Angus y la Asociaci\u00f3n de Hereford y en lo que respecta a ovinos, por la Asociaci\u00f3n de Hampshire Down.<\/p>\n<p>Y como no pod\u00eda faltar, como adelanto para inter\u00e9s del p\u00fablico en general, este a\u00f1o vuelven los sorteos, que ser\u00e1n en diferentes momentos y sorpresa y habr\u00e1 juegos para sumar diversi\u00f3n y participar por interesantes premios.<\/p>\n<p>Para m\u00e1s informaci\u00f3n y reserva de stands, pueden comunicarse con la secretar\u00eda de lunes a viernes de 8 a 14 horas o los d\u00edas s\u00e1bados de 8.3 a 11.30 horas al (02477) 442454, por correo a ruralper@gmail.com o a trav\u00e9s de la p\u00e1gina web: www.ruralpergamino.org.ar<\/p>\n","protected":false},"excerpt":{"rendered":"<p>Titulado \u201cNuestro Campo\u201d, la tem\u00e1tica versar\u00e1 sobre el espacio rural de nuestra zona en su conjunto. La Sociedad Rural de Pergamino presenta, en el marco de la 81\u00ba edici\u00f3n de la Expo Rural, que se llevar\u00e1 a cabo del 4 al 8 de septiembre en el predio de la entidad, la 8\u00ba edici\u00f3n del Concurso&hellip;<\/p>\n","protected":false},"author":2,"featured_media":804,"comment_status":"closed","ping_status":"closed","sticky":false,"template":"template-microsite.php","format":"standard","meta":{"footnotes":""},"categories":[16],"tags":[],"class_list":["post-803","post","type-post","status-publish","format-standard","has-post-thumbnail","hentry","category-novedades-de-la-expo","category-16","description-off"],"_links":{"self":[{"href":"https:\/\/www.ruralpergamino.org.ar\/site\/wp-json\/wp\/v2\/posts\/803","targetHints":{"allow":["GET"]}}],"collection":[{"href":"https:\/\/www.ruralpergamino.org.ar\/site\/wp-json\/wp\/v2\/posts"}],"about":[{"href":"https:\/\/www.ruralpergamino.org.ar\/site\/wp-json\/wp\/v2\/types\/post"}],"author":[{"embeddable":true,"href":"https:\/\/www.ruralpergamino.org.ar\/site\/wp-json\/wp\/v2\/users\/2"}],"replies":[{"embeddable":true,"href":"https:\/\/www.ruralpergamino.org.ar\/site\/wp-json\/wp\/v2\/comments?post=803"}],"version-history":[{"count":1,"href":"https:\/\/www.ruralpergamino.org.ar\/site\/wp-json\/wp\/v2\/posts\/803\/revisions"}],"predecessor-version":[{"id":805,"href":"https:\/\/www.ruralpergamino.org.ar\/site\/wp-json\/wp\/v2\/posts\/803\/revisions\/805"}],"wp:featuredmedia":[{"embeddable":true,"href":"https:\/\/www.ruralpergamino.org.ar\/site\/wp-json\/wp\/v2\/media\/804"}],"wp:attachment":[{"href":"https:\/\/www.ruralpergamino.org.ar\/site\/wp-json\/wp\/v2\/media?parent=803"}],"wp:term":[{"taxonomy":"category","embeddable":true,"href":"https:\/\/www.ruralpergamino.org.ar\/site\/wp-json\/wp\/v2\/categories?post=803"},{"taxonomy":"post_tag","embeddable":true,"href":"https:\/\/www.ruralpergamino.org.ar\/site\/wp-json\/wp\/v2\/tags?post=803"}],"curies":[{"name":"wp","href":"https:\/\/api.w.org\/{rel}","templated":true}]}}