{"id":842,"date":"2017-09-14T04:03:30","date_gmt":"2017-09-14T04:03:30","guid":{"rendered":"https:\/\/www.ruralpergamino.org.ar\/site\/?p=842"},"modified":"2022-07-16T04:04:30","modified_gmt":"2022-07-16T04:04:30","slug":"se-espera-un-fin-de-semana-a-puro-sol","status":"publish","type":"post","link":"https:\/\/www.ruralpergamino.org.ar\/site\/se-espera-un-fin-de-semana-a-puro-sol\/","title":{"rendered":"Se espera un fin de semana a puro sol"},"content":{"rendered":"<p>Tal como se anunci\u00f3, la 79\u00ba edici\u00f3n de la Expo Rural volver\u00e1 a abrir sus puertas el pr\u00f3ximo fin de semana del 16 y el 17 de septiembre en el predio de la Instituci\u00f3n.<\/p>\n<p>Con la mayor\u00eda de los expositores ya preparados y algunas incorporaciones, la Muestra est\u00e1tica brillar\u00e1 con grandes expectativas, ya que se prev\u00e9n d\u00edas primaverales que aseguran que se podr\u00e1 disfrutar un d\u00eda de campo en familia. Tambi\u00e9n estar\u00e1 toda la oferta gastron\u00f3mica de la mano de las Colectividades, el Restaurant y el Rinc\u00f3n Patero a cargo del Ateneo.<\/p>\n<p>Por su parte, desde la organizaci\u00f3n aseguraron que si bien la mayor\u00eda de las actividades con animales se llevaron a cabo el fin de semana anterior, este fin de semana habr\u00e1 caballos, cerdos, ovejas, toros en exposici\u00f3n y terneros para alimentar, lo que resulta un atractivo para los m\u00e1s chicos. Asimismo, el d\u00eda domingo habr\u00e1 una peluquer\u00eda canina con exhibici\u00f3n de cortes a tijera, que invita a los interesados a que lleven su perro dom\u00e9stico, para cambiarles su look y pasar por la alfombra roja.<\/p>\n<p>La Municipalidad anunci\u00f3 que volver\u00e1 con su stand institucional inspirado en los tres ejes que representan la campa\u00f1a de Actu\u00e1 en Verde: modernidad, sustentabilidad y civismo, y sumar\u00e1n entretenimiento: habr\u00e1 talleres de reciclado de papel y juguetes y se presentar\u00e1 el s\u00e1bado Toka Tambor, y el domingo, el payaso Mambito, que estar\u00e1 jugando con los chicos.<br \/>\nEn lo que respecta a remates, el d\u00eda domingo a las 15 se har\u00e1 el de Porcinos, hora que en el escenario central comenzar\u00e1 su actividad, con los espect\u00e1culos a cargo de Marcos Manuel y el DJ Alejo Fiol.<\/p>\n<p>El cierre de oro se har\u00e1 con los sorteos, que prometen importantes premios: una moto y un auto 0 km a elecci\u00f3n. \u201cEstamos poniendo toda la carne al asador, queremos que sea una fiesta inolvidable para Pergamino\u201d comentaron desde la organizaci\u00f3n, quienes agregaron. \u201cSiempre que llovi\u00f3 par\u00f3 y este fin de semana tenemos revancha, nos esperan d\u00edas a puro sol \u00a1Los esperamos!\u201d.<\/p>\n<p>Se recuerda que el costo de la entrada es de $100.-, en tanto que menores de 12 a\u00f1os y jubilados con carnet, ingresar\u00e1n gratis.<\/p>\n","protected":false},"excerpt":{"rendered":"<p>Tal como se anunci\u00f3, la 79\u00ba edici\u00f3n de la Expo Rural volver\u00e1 a abrir sus puertas el pr\u00f3ximo fin de semana del 16 y el 17 de septiembre en el predio de la Instituci\u00f3n. Con la mayor\u00eda de los expositores ya preparados y algunas incorporaciones, la Muestra est\u00e1tica brillar\u00e1 con grandes expectativas, ya que se&hellip;<\/p>\n","protected":false},"author":2,"featured_media":843,"comment_status":"closed","ping_status":"closed","sticky":false,"template":"","format":"standard","meta":{"footnotes":""},"categories":[16],"tags":[],"class_list":["post-842","post","type-post","status-publish","format-standard","has-post-thumbnail","hentry","category-novedades-de-la-expo","category-16","description-off"],"_links":{"self":[{"href":"https:\/\/www.ruralpergamino.org.ar\/site\/wp-json\/wp\/v2\/posts\/842","targetHints":{"allow":["GET"]}}],"collection":[{"href":"https:\/\/www.ruralpergamino.org.ar\/site\/wp-json\/wp\/v2\/posts"}],"about":[{"href":"https:\/\/www.ruralpergamino.org.ar\/site\/wp-json\/wp\/v2\/types\/post"}],"author":[{"embeddable":true,"href":"https:\/\/www.ruralpergamino.org.ar\/site\/wp-json\/wp\/v2\/users\/2"}],"replies":[{"embeddable":true,"href":"https:\/\/www.ruralpergamino.org.ar\/site\/wp-json\/wp\/v2\/comments?post=842"}],"version-history":[{"count":1,"href":"https:\/\/www.ruralpergamino.org.ar\/site\/wp-json\/wp\/v2\/posts\/842\/revisions"}],"predecessor-version":[{"id":844,"href":"https:\/\/www.ruralpergamino.org.ar\/site\/wp-json\/wp\/v2\/posts\/842\/revisions\/844"}],"wp:featuredmedia":[{"embeddable":true,"href":"https:\/\/www.ruralpergamino.org.ar\/site\/wp-json\/wp\/v2\/media\/843"}],"wp:attachment":[{"href":"https:\/\/www.ruralpergamino.org.ar\/site\/wp-json\/wp\/v2\/media?parent=842"}],"wp:term":[{"taxonomy":"category","embeddable":true,"href":"https:\/\/www.ruralpergamino.org.ar\/site\/wp-json\/wp\/v2\/categories?post=842"},{"taxonomy":"post_tag","embeddable":true,"href":"https:\/\/www.ruralpergamino.org.ar\/site\/wp-json\/wp\/v2\/tags?post=842"}],"curies":[{"name":"wp","href":"https:\/\/api.w.org\/{rel}","templated":true}]}}