{"id":845,"date":"2017-09-05T04:14:10","date_gmt":"2017-09-05T04:14:10","guid":{"rendered":"https:\/\/www.ruralpergamino.org.ar\/site\/?p=845"},"modified":"2022-07-16T04:17:05","modified_gmt":"2022-07-16T04:17:05","slug":"79o-expo-rural-empieza-la-fiesta","status":"publish","type":"post","link":"https:\/\/www.ruralpergamino.org.ar\/site\/79o-expo-rural-empieza-la-fiesta\/","title":{"rendered":"79\u00ba Expo Rural: Empieza la fiesta"},"content":{"rendered":"<p>Ma\u00f1ana a las 10 horas abrir\u00e1 sus puertas la 79\u00ba edici\u00f3n de la Expo Rural, que tendr\u00e1 lugar entre el 6 al 10 de septiembre en el predio de la Instituci\u00f3n.<\/p>\n<p>En el marco de los festejos por sus 90 a\u00f1os y como se anunci\u00f3, las actividades comenzar\u00e1n a las 8 de la ma\u00f1ana con el ingreso y admisi\u00f3n de bovinos y ovinos, pero reci\u00e9n abrir\u00e1 sus puertas a las 10, con todos los contenidos: stands interiores y exteriores, la Carpa de Artesanos, las Colectividades y los dem\u00e1s servicios gastron\u00f3micos, los juegos infantiles y las visitas guiadas colegios.<\/p>\n<p>La entrada los d\u00edas mi\u00e9rcoles y jueves ser\u00e1 gratuita. Se recuerda tambi\u00e9n que est\u00e1n ultimando detalles para el Debate de Concejales, que tendr\u00e1 lugar el jueves a las 18:30 horas en el Sal\u00f3n Restaurante. Ya confirmaron su presencia los candidatos: Mat\u00edas Villeta de Cambiemos, Lisandro Bormioli de Unidad Ciudadana, Marita Conti de 1 Pa\u00eds, Ricardo Ruggeri de Cumplir y Lucas Gianetti de Frente de Izquierda.<\/p>\n<p>Los temas que se tratar\u00e1n son: Funcionamiento del Concejo Deliberante, expectativas del mismo y \u00e1reas a mejorar. Pol\u00edtica de desarrollo agroindustrial. Aplicaci\u00f3n periurbanas y manejo de envases a futuro. Un tema a elecci\u00f3n.<\/p>\n","protected":false},"excerpt":{"rendered":"<p>Ma\u00f1ana a las 10 horas abrir\u00e1 sus puertas la 79\u00ba edici\u00f3n de la Expo Rural, que tendr\u00e1 lugar entre el 6 al 10 de septiembre en el predio de la Instituci\u00f3n. En el marco de los festejos por sus 90 a\u00f1os y como se anunci\u00f3, las actividades comenzar\u00e1n a las 8 de la ma\u00f1ana con&hellip;<\/p>\n","protected":false},"author":2,"featured_media":846,"comment_status":"closed","ping_status":"closed","sticky":false,"template":"","format":"standard","meta":{"footnotes":""},"categories":[16],"tags":[],"class_list":["post-845","post","type-post","status-publish","format-standard","has-post-thumbnail","hentry","category-novedades-de-la-expo","category-16","description-off"],"_links":{"self":[{"href":"https:\/\/www.ruralpergamino.org.ar\/site\/wp-json\/wp\/v2\/posts\/845","targetHints":{"allow":["GET"]}}],"collection":[{"href":"https:\/\/www.ruralpergamino.org.ar\/site\/wp-json\/wp\/v2\/posts"}],"about":[{"href":"https:\/\/www.ruralpergamino.org.ar\/site\/wp-json\/wp\/v2\/types\/post"}],"author":[{"embeddable":true,"href":"https:\/\/www.ruralpergamino.org.ar\/site\/wp-json\/wp\/v2\/users\/2"}],"replies":[{"embeddable":true,"href":"https:\/\/www.ruralpergamino.org.ar\/site\/wp-json\/wp\/v2\/comments?post=845"}],"version-history":[{"count":1,"href":"https:\/\/www.ruralpergamino.org.ar\/site\/wp-json\/wp\/v2\/posts\/845\/revisions"}],"predecessor-version":[{"id":847,"href":"https:\/\/www.ruralpergamino.org.ar\/site\/wp-json\/wp\/v2\/posts\/845\/revisions\/847"}],"wp:featuredmedia":[{"embeddable":true,"href":"https:\/\/www.ruralpergamino.org.ar\/site\/wp-json\/wp\/v2\/media\/846"}],"wp:attachment":[{"href":"https:\/\/www.ruralpergamino.org.ar\/site\/wp-json\/wp\/v2\/media?parent=845"}],"wp:term":[{"taxonomy":"category","embeddable":true,"href":"https:\/\/www.ruralpergamino.org.ar\/site\/wp-json\/wp\/v2\/categories?post=845"},{"taxonomy":"post_tag","embeddable":true,"href":"https:\/\/www.ruralpergamino.org.ar\/site\/wp-json\/wp\/v2\/tags?post=845"}],"curies":[{"name":"wp","href":"https:\/\/api.w.org\/{rel}","templated":true}]}}