{"id":848,"date":"2017-08-25T04:18:25","date_gmt":"2017-08-25T04:18:25","guid":{"rendered":"https:\/\/www.ruralpergamino.org.ar\/site\/?p=848"},"modified":"2022-07-16T04:19:53","modified_gmt":"2022-07-16T04:19:53","slug":"79-expo-rural-vuelven-los-sorteos-con-excelentes-premios","status":"publish","type":"post","link":"https:\/\/www.ruralpergamino.org.ar\/site\/79-expo-rural-vuelven-los-sorteos-con-excelentes-premios\/","title":{"rendered":"79 Expo Rural: Vuelven los sorteos con excelentes premios"},"content":{"rendered":"<p>La<strong>\u00a079\u00ba edici\u00f3n de la Expo Rural,<\/strong>\u00a0que se llevar\u00e1 a cabo del\u00a0<strong>6 al 10 de septiembre<\/strong>\u00a0en el predio de la Instituci\u00f3n, promete entretenimiento para todos los p\u00fablicos.<\/p>\n<p>En el marco de los festejos por sus 90 a\u00f1os y como se anunci\u00f3, las actividades comenzar\u00e1n el d\u00eda 2 de septiembre con la presentaci\u00f3n del espect\u00e1culo \u201cRemediado es nuestro Mal\u201d del coro Periferia Local en la Iglesia Nuestra Se\u00f1ora de la Merced, que cuenta con el apoyo de Cultura de la Municipalidad.<\/p>\n<p>En relaci\u00f3n a las actividades, se confirm\u00f3 que por segundo a\u00f1o consecutivo volver\u00e1 el espacio exclusivo que tendr\u00e1 la C\u00e1mara de Comercio, Industria y Servicios. Tambi\u00e9n volver\u00e1n las Colectividades s\u00f3lo de d\u00eda.<\/p>\n<p>Daniel \u00c1ngel Graziani, Presidente del Grupo y perteneciente a la comunidad sanmarinense, coment\u00f3: \u201cTenemos muchas expectativas, el a\u00f1o pasado fue un \u00e9xito y esperamos este a\u00f1o superarlo\u201d.<\/p>\n<p>\u201cNo faltar\u00e1 sabor y diversidad, seremos 6 colectividades: los Vascos, que estar\u00e1n acompa\u00f1ados del Fort\u00edn Pergamino con sus\u00a0 tradicionales comidas patrias; los croatas, con la cl\u00e1sica pata de ternera; los sanmarinenses, con sus piadinas; y la comunidad sirio libanesa, con los ni\u00f1os envueltos y las empanadas sfijas\u201d.<\/p>\n<p>En cuanto a charlas, el Ministerio de Agroindustria estar\u00e1 presente con un stand y ofrecer\u00e1 adem\u00e1s, una Jornada de actualizaci\u00f3n en Tr\u00e1nsito de Granos, Semillas y Hacienda para productores, en la que se explicar\u00e1n las disposiciones exigidas; la diferencia entre granos y semillas y ante qu\u00e9 organismos hacer los tr\u00e1mites, que estar\u00e1 a cargo de SENASA e INASE.<\/p>\n<p>Asimismo, con el apoyo de Fortecar y el auspicio de Caba\u00f1a Namuncur\u00e1, el Ing. Fernando Vilella del Simposio Internacional en la Facultad de Agronom\u00eda de la UBA, ofrecer\u00e1 la charla \u201cDe granero del mundo al supermercado del mundo\u201d. Los argentinos se incluyen en el 10% de la poblaci\u00f3n mundial que tienen excedentes relevantes de alimentos y que son parte imprescindible de la Seguridad Alimentaria Global, actual y futura. La charla brindar\u00e1 todas las respuestas a c\u00f3mo Argentina puede aprovechar esto correctamente.<\/p>\n<p>El cierre de oro por los festejos lo tendr\u00e1n los sorteos, que vuelven con importantes premios: una moto y un LCD el d\u00eda s\u00e1bado y el domingo otra\u00a0moto y un auto 0 km a elecci\u00f3n. \u201cEstamos poniendo toda la carne al asador, queremos que sea una fiesta inolvidable para Pergamino\u201d comentaron desde la organizaci\u00f3n.<\/p>\n<p>Por \u00faltimo, recordaron a los interesados que ya quedan pocos d\u00edas para el cierre del concurso de fotos.<\/p>\n<p><strong>M\u00e1s informaci\u00f3n y consultas, visitar:\u00a0<\/strong><a href=\"https:\/\/www.ruralpergamino.org.ar\/site\/\">www.ruralpergamino.org.ar<\/a><\/p>\n","protected":false},"excerpt":{"rendered":"<p>La\u00a079\u00ba edici\u00f3n de la Expo Rural,\u00a0que se llevar\u00e1 a cabo del\u00a06 al 10 de septiembre\u00a0en el predio de la Instituci\u00f3n, promete entretenimiento para todos los p\u00fablicos. En el marco de los festejos por sus 90 a\u00f1os y como se anunci\u00f3, las actividades comenzar\u00e1n el d\u00eda 2 de septiembre con la presentaci\u00f3n del espect\u00e1culo \u201cRemediado es&hellip;<\/p>\n","protected":false},"author":2,"featured_media":849,"comment_status":"closed","ping_status":"closed","sticky":false,"template":"","format":"standard","meta":{"footnotes":""},"categories":[16],"tags":[],"class_list":["post-848","post","type-post","status-publish","format-standard","has-post-thumbnail","hentry","category-novedades-de-la-expo","category-16","description-off"],"_links":{"self":[{"href":"https:\/\/www.ruralpergamino.org.ar\/site\/wp-json\/wp\/v2\/posts\/848","targetHints":{"allow":["GET"]}}],"collection":[{"href":"https:\/\/www.ruralpergamino.org.ar\/site\/wp-json\/wp\/v2\/posts"}],"about":[{"href":"https:\/\/www.ruralpergamino.org.ar\/site\/wp-json\/wp\/v2\/types\/post"}],"author":[{"embeddable":true,"href":"https:\/\/www.ruralpergamino.org.ar\/site\/wp-json\/wp\/v2\/users\/2"}],"replies":[{"embeddable":true,"href":"https:\/\/www.ruralpergamino.org.ar\/site\/wp-json\/wp\/v2\/comments?post=848"}],"version-history":[{"count":1,"href":"https:\/\/www.ruralpergamino.org.ar\/site\/wp-json\/wp\/v2\/posts\/848\/revisions"}],"predecessor-version":[{"id":850,"href":"https:\/\/www.ruralpergamino.org.ar\/site\/wp-json\/wp\/v2\/posts\/848\/revisions\/850"}],"wp:featuredmedia":[{"embeddable":true,"href":"https:\/\/www.ruralpergamino.org.ar\/site\/wp-json\/wp\/v2\/media\/849"}],"wp:attachment":[{"href":"https:\/\/www.ruralpergamino.org.ar\/site\/wp-json\/wp\/v2\/media?parent=848"}],"wp:term":[{"taxonomy":"category","embeddable":true,"href":"https:\/\/www.ruralpergamino.org.ar\/site\/wp-json\/wp\/v2\/categories?post=848"},{"taxonomy":"post_tag","embeddable":true,"href":"https:\/\/www.ruralpergamino.org.ar\/site\/wp-json\/wp\/v2\/tags?post=848"}],"curies":[{"name":"wp","href":"https:\/\/api.w.org\/{rel}","templated":true}]}}